{"id":40243,"date":"2019-06-12T06:00:00","date_gmt":"2019-06-12T10:00:00","guid":{"rendered":"https:\/\/linitiative.ca\/International\/amy-winehouse-sinvite-au-cosmos\/"},"modified":"2019-06-12T06:00:00","modified_gmt":"2019-06-12T10:00:00","slug":"amy-winehouse-sinvite-au-cosmos","status":"publish","type":"post","link":"https:\/\/linitiative.ca\/International\/amy-winehouse-sinvite-au-cosmos\/","title":{"rendered":"Amy Winehouse s\u2019invite au Cosmos"},"content":{"rendered":"<p>Le Varda Film Club poursuit son programme hebdomadaire au-del\u00e0 du mois de Ramadhan. Ce jeudi 13 juin, \u00e0 19h30, la salle Cosmos de l\u2019Office Riadh El-Feth abritera le documentaire Amy (2015), de Asif Kapadia.\u00a0<\/p>\n<p>R\u00e9alis\u00e9 par le cin\u00e9aste anglais d\u2019origine indienne, Asif Kapadia, le documentaire est sorti en 2015, quatre ans apr\u00e8s le d\u00e9c\u00e8s pr\u00e9matur\u00e9 de la chanteuse Amy Winehouse, ic\u00f4ne de la soul et l\u2019une des figures les plus marquantes de la sc\u00e8ne musicale contemporaine.\u00a0<br \/>C\u2019\u00e9tait sans doute l\u2019une des artistes les plus harcel\u00e9es par les m\u00e9dias, notamment les paparazzis et les tablo\u00efds, qui \u00e9piaient sans vergogne sa vie priv\u00e9e et surveillaient particuli\u00e8rement son alcool\u00e9mie et sa consommation de drogue. Aux antipodes de cet int\u00e9r\u00eat morbide, Asif Kapadia met en avant l\u2019immense talent de l\u2019artiste et retrace son parcours fulgurant depuis ses d\u00e9buts, \u00e0 14 ans, jusqu\u2019\u00e0 son d\u00e9c\u00e8s, en passant par sa p\u00e9riode de succ\u00e8s plan\u00e9taire. Oscar du meilleur film documentaire en 2015, Amy contient plus de cent interviews avec les proches et collaborateurs de la chanteuse et plonge \u00e0 la fois dans son univers artistique et son intimit\u00e9 tourment\u00e9e, sans voyeurisme aucun, mais, au contraire, avec beaucoup d\u2019empathie et de respect.\u00a0<br \/>Rythm\u00e9 par la musique de la diva \u00e9corch\u00e9e, \u00e9crit \u00e0 la mani\u00e8re d\u2019une trag\u00e9die rock\u2019n roll, le film a captiv\u00e9 public et critiques tant il aura r\u00e9ussi \u00e0 brosser un portrait aussi profond que complexe d\u2019une artiste adul\u00e9e par les uns, caricatur\u00e9e par les autres, mais, surtout, incomprise et seule jusqu\u2019\u00e0 son dernier jour.\u00a0<br \/>Amy Winehouse, surnomm\u00e9e la Janis Joplin des ann\u00e9es 2000, est n\u00e9e en 1983 \u00e0 Londres, dans une famille m\u00e9lomane. A dix ans, d\u00e9j\u00e0 enfant rebelle, elle fonde avec son amie un groupe de rap avant de s\u2019inscrire, \u00e0 14 ans, dans une \u00e9cole de th\u00e9\u00e2tre dont elle aurait \u00e9t\u00e9 expuls\u00e9e \u00e0 cause de sa tenue et de ses piercings ! A dix-huit ans, sa voix se fait par un producteur et elle sort son premier album Frank en 2003. Elle devient tr\u00e8s vite l\u2019ic\u00f4ne du mouvement des \u00abLadettes\u00bb, apparu \u00e0 Londres dans les ann\u00e9es 1990 et d\u00e9finissant les femmes totalement lib\u00e9r\u00e9es et menant une vie nocturne intense tout en d\u00e9daignant le politiquement correct et les injonctions sociales li\u00e9es aux femmes et \u00e0 la f\u00e9minit\u00e9. En 2006, la sortie de Back to black est une r\u00e9v\u00e9lation mondiale et les fans de jazz, de blues et de soul y d\u00e9couvrent la r\u00e9incarnation, en une seule personne, d\u2019Ella Fitzgerald, Sarah Vaughan ou encore Janis Joplin.\u00a0<br \/>Le single Rehab (cure de d\u00e9sintoxication) explose les classements au Royaume-Uni et aux Etats-Unis. Au sommet de son art et de sa c\u00e9l\u00e9brit\u00e9, raflant neuf Grammy Awards et devenant l\u2019artiste la plus adul\u00e9e de son \u00e9poque, Amy Winehouse n\u2019a plus que quatre ann\u00e9es \u00e0 vivre, mais elle ne le sait pas encore. Car l\u2019artiste est victime d\u2019un succ\u00e8s qui l\u2019a tr\u00e8s vite d\u00e9bord\u00e9e, mais aussi de ses tourments intimes, de ses abus et de son mode de vie excessif en tout. Au-del\u00e0 du clich\u00e9 de l\u2019artiste tourment\u00e9e et \u00e9corch\u00e9e vive, elle semblait subir une vie qui ne correspondait ni \u00e0 ses fragilit\u00e9s ni \u00e0 son temp\u00e9rament. Les sunlights, le harc\u00e8lement des paparazzis, les pressions de sa famille, sa vie amoureuse chaotique et cette c\u00e9l\u00e9brit\u00e9 envahissante ne laissaient que peu de place \u00e0 une prise en charge s\u00e9rieuse de ses traumas et de ses blessures. Drogue, alcool, sexe et noctambulisme sont alors devenus sa seule catharsis, avec un s\u00e9rieux penchant pour l\u2019autodestruction. Elle est retrouv\u00e9e morte le 23 juillet 2011 dans son appartement. Elle avait 27 ans.\u00a0<br \/>Sarah H.<\/p>\n<p>Auteur:<br \/>\n<a href=\"https:\/\/www.lesoirdalgerie.com\/culture\/amy-winehouse-sinvite-au-cosmos-25250\">Cliquez ici pour lire l&rsquo;article depuis sa source.<\/a><\/p>\n","protected":false},"excerpt":{"rendered":"<p>Le Varda Film Club poursuit son programme hebdomadaire au-del\u00e0 du mois de Ramadhan. Ce jeudi 13 juin, \u00e0 19h30, la salle Cosmos de l\u2019Office Riadh El-Feth abritera le documentaire Amy (2015), de Asif Kapadia.\u00a0 R\u00e9alis\u00e9 par le cin\u00e9aste anglais d\u2019origine indienne, Asif Kapadia, le documentaire est sorti en 2015, quatre ans apr\u00e8s le d\u00e9c\u00e8s pr\u00e9matur\u00e9 [&hellip;]<\/p>\n","protected":false},"author":1741,"featured_media":0,"comment_status":"closed","ping_status":"closed","sticky":false,"template":"","format":"standard","meta":{"fifu_image_url":"","fifu_image_alt":"","footnotes":""},"categories":[73,53],"tags":[],"class_list":["post-40243","post","type-post","status-publish","format-standard","hentry","category-actualite","category-algerie"],"_links":{"self":[{"href":"https:\/\/linitiative.ca\/International\/wp-json\/wp\/v2\/posts\/40243","targetHints":{"allow":["GET"]}}],"collection":[{"href":"https:\/\/linitiative.ca\/International\/wp-json\/wp\/v2\/posts"}],"about":[{"href":"https:\/\/linitiative.ca\/International\/wp-json\/wp\/v2\/types\/post"}],"author":[{"embeddable":true,"href":"https:\/\/linitiative.ca\/International\/wp-json\/wp\/v2\/users\/1741"}],"replies":[{"embeddable":true,"href":"https:\/\/linitiative.ca\/International\/wp-json\/wp\/v2\/comments?post=40243"}],"version-history":[{"count":0,"href":"https:\/\/linitiative.ca\/International\/wp-json\/wp\/v2\/posts\/40243\/revisions"}],"wp:attachment":[{"href":"https:\/\/linitiative.ca\/International\/wp-json\/wp\/v2\/media?parent=40243"}],"wp:term":[{"taxonomy":"category","embeddable":true,"href":"https:\/\/linitiative.ca\/International\/wp-json\/wp\/v2\/categories?post=40243"},{"taxonomy":"post_tag","embeddable":true,"href":"https:\/\/linitiative.ca\/International\/wp-json\/wp\/v2\/tags?post=40243"}],"curies":[{"name":"wp","href":"https:\/\/api.w.org\/{rel}","templated":true}]}}