{"id":40251,"date":"2019-06-12T07:41:53","date_gmt":"2019-06-12T11:41:53","guid":{"rendered":"https:\/\/linitiative.ca\/International\/espagne-destination-favorite-des-marocains-en-ete\/"},"modified":"2019-06-12T07:41:53","modified_gmt":"2019-06-12T11:41:53","slug":"espagne-destination-favorite-des-marocains-en-ete","status":"publish","type":"post","link":"https:\/\/linitiative.ca\/International\/espagne-destination-favorite-des-marocains-en-ete\/","title":{"rendered":"Espagne : destination favorite des Marocains en \u00e9t\u00e9"},"content":{"rendered":"<p>Apr\u00e8s la France, l\u2019<strong>Espagne<\/strong> est la deuxi\u00e8me destination pr\u00e9f\u00e9r\u00e9e des touristes marocains.\u00a0La proximit\u00e9 g\u00e9ographique des deux pays joue un tr\u00e8s grand r\u00f4le, du fait de cette proximit\u00e9 de 13 kilom\u00e8tres de distance maritime. De plus en plus de Marocains s\u2019y rendent \u00e9galement, plus particuli\u00e8rement pendant l\u2019\u00e9t\u00e9, ce qui a invers\u00e9e la balance des voyages entre les deux pays.<\/p>\n<div class=\"c10\"\/>\n<p>Le tourisme marocain en Espagne en 2018 a \u00e9t\u00e9, pour la premi\u00e8re fois, plus important que dans le sens oppos\u00e9 (de l\u2019Espagne vers le <strong>Maroc<\/strong>), selon des donn\u00e9es provisoires des diff\u00e9rentes administrations du pays ib\u00e9rique. En f\u00e9vrier dernier, <a href=\"https:\/\/www.elconfidencial.com\/ultima-hora-en-vivo\/2019-02-06\/el-turismo-marroqui-hacia-espana-fue-en-2018-mayor-que-en-sentido-contrario_1943082\/\">une d\u00e9p\u00eache de l\u2019agence de presse EFE<\/a> annon\u00e7ait en effet que 900.000\u00a0Marocains avaient voyag\u00e9\u00a0en Espagne. En face, le Maroc n\u2019a re\u00e7u que\u00a0814.069 visiteurs espagnols. Soit un \u00e9cart de 10%.<\/p>\n<p>Lire aussi: <a href=\"https:\/\/www.challenge.ma\/les-marocains-premiers-beneficiaires-de-la-nationalite-espagnole-en-2018-110499\/\" target=\"_blank\" rel=\"noopener noreferrer\">Les Marocains, premiers b\u00e9n\u00e9ficiaires de la nationalit\u00e9 espagnole en 2018<\/a><\/p>\n<p>Tr\u00e8s peu de Marocains prennent l\u2019avion\u00a0; la plupart d\u00e9barquent en voiture dans les ports d\u2019Alg\u00e9siras et de Tarifa avant de prendre la route pour s\u2019installer dans leurs r\u00e9gions de pr\u00e9dilection que sont la Costa Del Sol (Malaga, Fuengirola, Benalmadena, Torremolinos\u2026).<\/p>\n<p>En outre, afin de faciliter la tache aux touristes marocains, l\u2019Espagne s\u2019est engag\u00e9 derni\u00e8rement \u00e0 renforcer les prestations consulaires au Maroc, face \u00e0 la croissante demande de <strong>visas Schengen<\/strong> aupr\u00e8s des consulats d\u2019Espagne au Royaume qui pouvait aller avant jusqu\u2019\u00e0 6 mois d\u2019attente.<\/p>\n<p>\u00abCette ann\u00e9e, nous recevrons 250.000 demandes de visas, c\u2019est-\u00e0-dire une augmentation annuelle de 10% au cours des derni\u00e8res ann\u00e9es. Nous demandons des excuses aux citoyens marocains pour les longs d\u00e9lais d\u2019attente \u00bb, a affirm\u00e9 le ministre espagnol Josep Borrell lors d\u2019un point de presse \u00e0 l\u2019issue de son entretien avec le ministre des Affaires \u00c9trang\u00e8res et de la Coop\u00e9ration Internationale, Nasser Bourita, ax\u00e9e sur les moyens de r\u00e9soudre ce contretemps, assurant que les services consulaires espagnols dans le Royaume feront de leur mieux pour surmonter cette situation.<\/p>\n<div class=\"c17\">\n<fieldset class=\"c16\">\n<legend><strong><span class=\"c11\">Challenge<\/span><span class=\"c12\">news<\/span><\/strong><\/legend>\n<div class=\"c15\">Le meilleur de la r\u00e9daction s\u00e9lectionn\u00e9 par Challenge :<\/p>\n<\/div>\n<\/fieldset>\n<\/div>\n<p>Auteur: Hajar DARI<br \/>\n<a href=\"https:\/\/www.challenge.ma\/espagne-destination-favorite-des-marocains-en-ete-110538\/\">Cliquez ici pour lire l&rsquo;article depuis sa source.<\/a><\/p>\n","protected":false},"excerpt":{"rendered":"<p>Apr\u00e8s la France, l\u2019Espagne est la deuxi\u00e8me destination pr\u00e9f\u00e9r\u00e9e des touristes marocains.\u00a0La proximit\u00e9 g\u00e9ographique des deux pays joue un tr\u00e8s grand r\u00f4le, du fait de cette proximit\u00e9 de 13 kilom\u00e8tres de distance maritime. De plus en plus de Marocains s\u2019y rendent \u00e9galement, plus particuli\u00e8rement pendant l\u2019\u00e9t\u00e9, ce qui a invers\u00e9e la balance des voyages entre [&hellip;]<\/p>\n","protected":false},"author":1787,"featured_media":0,"comment_status":"closed","ping_status":"closed","sticky":false,"template":"","format":"standard","meta":{"fifu_image_url":"","fifu_image_alt":"","footnotes":""},"categories":[78,54],"tags":[],"class_list":["post-40251","post","type-post","status-publish","format-standard","hentry","category-economie","category-maroc"],"_links":{"self":[{"href":"https:\/\/linitiative.ca\/International\/wp-json\/wp\/v2\/posts\/40251","targetHints":{"allow":["GET"]}}],"collection":[{"href":"https:\/\/linitiative.ca\/International\/wp-json\/wp\/v2\/posts"}],"about":[{"href":"https:\/\/linitiative.ca\/International\/wp-json\/wp\/v2\/types\/post"}],"author":[{"embeddable":true,"href":"https:\/\/linitiative.ca\/International\/wp-json\/wp\/v2\/users\/1787"}],"replies":[{"embeddable":true,"href":"https:\/\/linitiative.ca\/International\/wp-json\/wp\/v2\/comments?post=40251"}],"version-history":[{"count":0,"href":"https:\/\/linitiative.ca\/International\/wp-json\/wp\/v2\/posts\/40251\/revisions"}],"wp:attachment":[{"href":"https:\/\/linitiative.ca\/International\/wp-json\/wp\/v2\/media?parent=40251"}],"wp:term":[{"taxonomy":"category","embeddable":true,"href":"https:\/\/linitiative.ca\/International\/wp-json\/wp\/v2\/categories?post=40251"},{"taxonomy":"post_tag","embeddable":true,"href":"https:\/\/linitiative.ca\/International\/wp-json\/wp\/v2\/tags?post=40251"}],"curies":[{"name":"wp","href":"https:\/\/api.w.org\/{rel}","templated":true}]}}