{"id":40252,"date":"2019-06-12T07:52:24","date_gmt":"2019-06-12T11:52:24","guid":{"rendered":"https:\/\/linitiative.ca\/International\/ram-lancement-du-1er-vol-de-la-nouvelle-base-de-laayoune\/"},"modified":"2019-06-12T07:52:24","modified_gmt":"2019-06-12T11:52:24","slug":"ram-lancement-du-1er-vol-de-la-nouvelle-base-de-laayoune","status":"publish","type":"post","link":"https:\/\/linitiative.ca\/International\/ram-lancement-du-1er-vol-de-la-nouvelle-base-de-laayoune\/","title":{"rendered":"RAM : lancement du 1er vol de la nouvelle base de La\u00e2youne"},"content":{"rendered":"<p>Royal Air Maroc vient de lancer sa nouvelle base a\u00e9rienne \u00e0 <strong>La\u00e2youne<\/strong>, mardi 11 juin, dans le cadre\u00a0 d\u2019une convention de partenariat conclue avec le Conseil de la R\u00e9gion de La\u00e2youne-Sakia El Hamra.<\/p>\n<div class=\"c10\"\/>\n<p>Une c\u00e9r\u00e9monie officielle a \u00e9t\u00e9 organis\u00e9e \u00e0 l\u2019arriv\u00e9e de la d\u00e9l\u00e9gation pr\u00e9sid\u00e9e par le ministre du Tourisme, du Transport a\u00e9rien, de l\u2019Artisanat et de l\u2019\u00c9conomie solidaire, Mohamed Sajid, et le patron de la compagnie a\u00e9rienne nationale Hamid Addou, qui a emprunt\u00e9 le premier vol de cette nouvelle base reliant Agadir \u00e0 La\u00e2youne. La d\u00e9l\u00e9gation a \u00e9t\u00e9 accueillie par le wali de la r\u00e9gion de La\u00e2youne-Sakia El Hamra, gouverneur de la province de La\u00e2youne, Abdeslam Bekrate.<\/p>\n<p>La mise en place de cette base a\u00e9rienne r\u00e9gionale s\u2019inscrit dans le cadre de la politique de <strong>Royal Air Maroc<\/strong> qui vise \u00e0 accompagner la strat\u00e9gie de r\u00e9gionalisation avanc\u00e9e du Royaume qui s\u2019articule autour du renforcement des liaisons a\u00e9riennes domestiques. Objectif : contribuer au d\u00e9senclavement des r\u00e9gions les plus \u00e9loign\u00e9es du pays et stimuler le d\u00e9veloppement \u00e9conomique et touristique.<\/p>\n<p>\u00ab\u00a0L\u2019am\u00e9lioration des connexions a\u00e9riennes vers nos provinces du Sud contribuera ind\u00e9niablement au\u00a0d\u00e9veloppement \u00e9conomique et social de nos r\u00e9gions par le renforcement de leurs attractivit\u00e9s \u00e9conomiques, la mise en valeur de leur potentiel touristique et la facilitation des d\u00e9placements de nos concitoyens\u00a0\u00bb, explique Hamid Addou, PDG de RAM.<\/p>\n<p>De son c\u00f4t\u00e9, le pr\u00e9sident du Conseil de la R\u00e9gion de La\u00e2youne-Sakia El Hamra, <strong>Sidi Hamdi Ould Errachid,<\/strong> souligne qu\u2019afin de participer \u00e0 l\u2019am\u00e9lioration du climat des affaires et proposer des offres de transport r\u00e9gional diversifi\u00e9es, il fallait garantir une connexion fluide de la R\u00e9gion \u00e0 son environnement national et international. \u00ab\u00a0Le Conseil de la R\u00e9gion accorde une grande importance au transport a\u00e9rien qui constitue un pilier de base pour accompagner les grands chantiers de d\u00e9veloppement initi\u00e9s par SM le Roi Mohammed VI, c\u2019est pourquoi nous nous f\u00e9licitons de la r\u00e9alisation de cette convention exemplaire permettant la mise en place d\u2019une base a\u00e9rienne r\u00e9gionale\u00a0\u00bb.<\/p>\n<p>A noter que Royal Air Maroc porte ainsi le nombre des routes a\u00e9riennes op\u00e9r\u00e9es sur La\u00e2youne \u00e0 7 lignes \u00e0 raison de 38 fr\u00e9quences par semaine depuis et vers Casablanca avec 14 vols par semaine et 6 vols pour les destinations\u00a0 Agadir, Dakhla, Las Palmas, ainsi que 2 vols pour Marrakech, Guelmim et Smara.<\/p>\n<p>Les tarifs sont fixes et sont compris entre 300 et 700 dirhams pour des allers simples\u00a0: La\u00e2youne- Agadir et La\u00e2youne-Dakhla (600 DH), La\u00e2youne-Marrakech (700 DH), La\u00e2youne-Smara (300 DH), La\u00e2youne-Guelmim (350 DH) et La\u00e2youne-Las Palmas (650 DH).<\/p>\n<div class=\"c17\">\n<fieldset class=\"c16\">\n<legend><strong><span class=\"c11\">Challenge<\/span><span class=\"c12\">news<\/span><\/strong><\/legend>\n<div class=\"c15\">Le meilleur de la r\u00e9daction s\u00e9lectionn\u00e9 par Challenge :<\/p>\n<\/div>\n<\/fieldset>\n<\/div>\n<p>Auteur: Hajar DARI<br \/>\n<a href=\"https:\/\/www.challenge.ma\/ram-lancement-du-1er-vol-de-la-nouvelle-base-de-laayoune-110534\/\">Cliquez ici pour lire l&rsquo;article depuis sa source.<\/a><\/p>\n","protected":false},"excerpt":{"rendered":"<p>Royal Air Maroc vient de lancer sa nouvelle base a\u00e9rienne \u00e0 La\u00e2youne, mardi 11 juin, dans le cadre\u00a0 d\u2019une convention de partenariat conclue avec le Conseil de la R\u00e9gion de La\u00e2youne-Sakia El Hamra. Une c\u00e9r\u00e9monie officielle a \u00e9t\u00e9 organis\u00e9e \u00e0 l\u2019arriv\u00e9e de la d\u00e9l\u00e9gation pr\u00e9sid\u00e9e par le ministre du Tourisme, du Transport a\u00e9rien, de l\u2019Artisanat [&hellip;]<\/p>\n","protected":false},"author":1787,"featured_media":0,"comment_status":"closed","ping_status":"closed","sticky":false,"template":"","format":"standard","meta":{"fifu_image_url":"","fifu_image_alt":"","footnotes":""},"categories":[78,54],"tags":[],"class_list":["post-40252","post","type-post","status-publish","format-standard","hentry","category-economie","category-maroc"],"_links":{"self":[{"href":"https:\/\/linitiative.ca\/International\/wp-json\/wp\/v2\/posts\/40252","targetHints":{"allow":["GET"]}}],"collection":[{"href":"https:\/\/linitiative.ca\/International\/wp-json\/wp\/v2\/posts"}],"about":[{"href":"https:\/\/linitiative.ca\/International\/wp-json\/wp\/v2\/types\/post"}],"author":[{"embeddable":true,"href":"https:\/\/linitiative.ca\/International\/wp-json\/wp\/v2\/users\/1787"}],"replies":[{"embeddable":true,"href":"https:\/\/linitiative.ca\/International\/wp-json\/wp\/v2\/comments?post=40252"}],"version-history":[{"count":0,"href":"https:\/\/linitiative.ca\/International\/wp-json\/wp\/v2\/posts\/40252\/revisions"}],"wp:attachment":[{"href":"https:\/\/linitiative.ca\/International\/wp-json\/wp\/v2\/media?parent=40252"}],"wp:term":[{"taxonomy":"category","embeddable":true,"href":"https:\/\/linitiative.ca\/International\/wp-json\/wp\/v2\/categories?post=40252"},{"taxonomy":"post_tag","embeddable":true,"href":"https:\/\/linitiative.ca\/International\/wp-json\/wp\/v2\/tags?post=40252"}],"curies":[{"name":"wp","href":"https:\/\/api.w.org\/{rel}","templated":true}]}}