{"id":40254,"date":"2019-06-12T11:11:58","date_gmt":"2019-06-12T15:11:58","guid":{"rendered":"https:\/\/linitiative.ca\/International\/wim-hof-organise-un-bain-de-glace-a-casablanca\/"},"modified":"2019-06-12T11:11:58","modified_gmt":"2019-06-12T15:11:58","slug":"wim-hof-organise-un-bain-de-glace-a-casablanca","status":"publish","type":"post","link":"https:\/\/linitiative.ca\/International\/wim-hof-organise-un-bain-de-glace-a-casablanca\/","title":{"rendered":"Wim Hof organise un bain de glace \u00e0 Casablanca"},"content":{"rendered":"<p>L\u2019eau froide \u00e0 toujours \u00e9t\u00e9 utilis\u00e9e par des civilisations pour nettoyer les corps et les esprits des hommes. Aujourd\u2019hui encore, certaines personnes continuent d\u2019utiliser l\u2019eau glac\u00e9e ou les lacs glac\u00e9s pour nettoyer leur esprit. L\u2019utilisation de cette eau glac\u00e9e a \u00e9t\u00e9 convertie en une m\u00e9thode scientifiquement soutenue\u00a0: m\u00e9thode <strong>Wim Hof<\/strong>.<\/p>\n<div class=\"c10\"\/>\n<p>Pour apprendre les 3 piliers de la m\u00e9thode Wim Hof : <strong>technique de respiration<\/strong> , exposition au froid et concentration, MKL organise un atelier avec Rodolphe Schalachet, instructeur certifi\u00e9 WHM, dimanche 16 juin 10h \u2013 17h au Jardin Bab Rayan \u00e0 <strong>Casablanca<\/strong>.<\/p>\n<p>Une nouvelle m\u00e9thode qui permet d\u2019utiliser l\u2019oxyg\u00e8ne et l\u2019exposition au froid pour optimiser le corps et le mental, et entrer en contact avec sa physiologie, un stage en petit comit\u00e9 (15 personnes) ainsi que des conseils adapt\u00e9s \u00e0 la situation de chacun afin d\u2019am\u00e9liorer le rendement mental ou la performance physique, \u00e0 soulager les sympt\u00f4mes li\u00e9s \u00e0 une maladie, l\u2019atelier de WHM met \u00e0 disposition le lien d\u2019inscription suivant\u00a0pour y participer : https:\/\/docs.google.com\/forms\/d\/e\/1FAIpQLSd7QF0oTYgpE7KjMxvxWVG8y3mJz13L-WgF3i6SHlVwm3TWUg\/viewform<\/p>\n<div class=\"c17\">\n<fieldset class=\"c16\">\n<legend><strong><span class=\"c11\">Challenge<\/span><span class=\"c12\">news<\/span><\/strong><\/legend>\n<div class=\"c15\">Le meilleur de la r\u00e9daction s\u00e9lectionn\u00e9 par Challenge :<\/p>\n<\/div>\n<\/fieldset>\n<\/div>\n<p>Auteur: Hajar DARI<br \/>\n<a href=\"https:\/\/www.challenge.ma\/wim-hof-organise-un-bain-de-glace-a-casablanca-110564\/\">Cliquez ici pour lire l&rsquo;article depuis sa source.<\/a><\/p>\n","protected":false},"excerpt":{"rendered":"<p>L\u2019eau froide \u00e0 toujours \u00e9t\u00e9 utilis\u00e9e par des civilisations pour nettoyer les corps et les esprits des hommes. Aujourd\u2019hui encore, certaines personnes continuent d\u2019utiliser l\u2019eau glac\u00e9e ou les lacs glac\u00e9s pour nettoyer leur esprit. L\u2019utilisation de cette eau glac\u00e9e a \u00e9t\u00e9 convertie en une m\u00e9thode scientifiquement soutenue\u00a0: m\u00e9thode Wim Hof. Pour apprendre les 3 piliers [&hellip;]<\/p>\n","protected":false},"author":1787,"featured_media":0,"comment_status":"closed","ping_status":"closed","sticky":false,"template":"","format":"standard","meta":{"fifu_image_url":"","fifu_image_alt":"","footnotes":""},"categories":[78,54],"tags":[],"class_list":["post-40254","post","type-post","status-publish","format-standard","hentry","category-economie","category-maroc"],"_links":{"self":[{"href":"https:\/\/linitiative.ca\/International\/wp-json\/wp\/v2\/posts\/40254","targetHints":{"allow":["GET"]}}],"collection":[{"href":"https:\/\/linitiative.ca\/International\/wp-json\/wp\/v2\/posts"}],"about":[{"href":"https:\/\/linitiative.ca\/International\/wp-json\/wp\/v2\/types\/post"}],"author":[{"embeddable":true,"href":"https:\/\/linitiative.ca\/International\/wp-json\/wp\/v2\/users\/1787"}],"replies":[{"embeddable":true,"href":"https:\/\/linitiative.ca\/International\/wp-json\/wp\/v2\/comments?post=40254"}],"version-history":[{"count":0,"href":"https:\/\/linitiative.ca\/International\/wp-json\/wp\/v2\/posts\/40254\/revisions"}],"wp:attachment":[{"href":"https:\/\/linitiative.ca\/International\/wp-json\/wp\/v2\/media?parent=40254"}],"wp:term":[{"taxonomy":"category","embeddable":true,"href":"https:\/\/linitiative.ca\/International\/wp-json\/wp\/v2\/categories?post=40254"},{"taxonomy":"post_tag","embeddable":true,"href":"https:\/\/linitiative.ca\/International\/wp-json\/wp\/v2\/tags?post=40254"}],"curies":[{"name":"wp","href":"https:\/\/api.w.org\/{rel}","templated":true}]}}