{"id":40255,"date":"2019-06-12T13:01:49","date_gmt":"2019-06-12T17:01:49","guid":{"rendered":"https:\/\/linitiative.ca\/International\/il-fait-lactu-luis-planas-puchades-ministre-espagnol-de-lagriculture\/"},"modified":"2019-06-12T13:01:49","modified_gmt":"2019-06-12T17:01:49","slug":"il-fait-lactu-luis-planas-puchades-ministre-espagnol-de-lagriculture","status":"publish","type":"post","link":"https:\/\/linitiative.ca\/International\/il-fait-lactu-luis-planas-puchades-ministre-espagnol-de-lagriculture\/","title":{"rendered":"Il fait l\u2019actu : Luis Planas Puchades, ministre espagnol de l\u2019Agriculture"},"content":{"rendered":"<p>La durabilit\u00e9 des ressources de la p\u00eache et de l\u2019environnement marin est une priorit\u00e9 absolue pour l\u2019Espagne, a affirm\u00e9 mercredi, \u00e0 Marrakech, le ministre espagnol de l\u2019Agriculture, de la p\u00eache et de l\u2019alimentation, <strong>Luis Planas Puchades<\/strong>.<\/p>\n<div class=\"c10\"\/>\n<p>\u00ab\u00a0Une p\u00eache durable ne pourra que garantir l\u2019avenir \u00e0 long terme du secteur et sera un moyen de subsistance pour nos r\u00e9gions c\u00f4ti\u00e8res\u00a0\u00bb, a-t-il ajout\u00e9 lors des Annonces du renouvellement des engagements au titre de la D\u00e9claration \u00ab\u00a0MedFish4Ever\u00a0\u00bb de Malte dans le cadre de la Conf\u00e9rence de haut niveau de la Commission G\u00e9n\u00e9rale des P\u00eaches pour la M\u00e9diterran\u00e9e (CGPM) sur les initiatives \u00ab\u00a0MedFish4Ever\u00a0\u00bb (Marrakech 11 et 12 juin).<\/p>\n<p>\u00ab\u00a0C\u2019est dans ce sens que l\u2019Espagne a \u00e9t\u00e9 \u00e0 l\u2019avant-garde des captures conform\u00e9ment au principe du rendement maximal durable, qui a permis aux pays d\u2019atteindre les objectifs fix\u00e9s en 2019, une ann\u00e9e en avance de ce qui \u00e9tait pr\u00e9vu dans la politique commune de la p\u00eache de l\u2019Union europ\u00e9enne (UE)\u00a0\u00bb, a-t-il pr\u00e9cis\u00e9.<\/p>\n<p>Et de faire observer que les pays ont pu r\u00e9ussir cet effort gr\u00e2ce \u00e0 l\u2019approche participative des armateurs, des p\u00eacheurs et des associations ainsi qu\u2019\u00e0 la collaboration de la communaut\u00e9 scientifique, relevant que \u00ab\u00a0cette exp\u00e9rience doit \u00eatre transpos\u00e9e maintenant sur la M\u00e9diterran\u00e9e pour obtenir les m\u00eames r\u00e9sultats en assurant un avenir pour nos p\u00eacheurs\u00a0\u00bb.<\/p>\n<p>Par ailleurs, Planas Puchades a indiqu\u00e9 que l\u2019Espagne compte 2.341 navires qui d\u00e9veloppent leur activit\u00e9 en M\u00e9diterran\u00e9e, dont les deux tiers sont artisanaux, soulignant dans ce cadre que les prises de ces bateaux sont des produits d\u2019une grande valeur pour les populations c\u00f4ti\u00e8res.<\/p>\n<p>Il a, en outre, not\u00e9 que les pays sont appel\u00e9s \u00e0 prot\u00e9ger certaines zones afin d\u2019assurer la durabilit\u00e9 des ressources halieutiques.<\/p>\n<p>Dans ce cadre, il a fait remarquer que l\u2019Espagne, qui est le deuxi\u00e8me pays dot\u00e9 de la plus grande zone marine de la M\u00e9diterran\u00e9e, a une protection de la surface marine prot\u00e9g\u00e9e qui est d\u2019environ 12% de la zone marine espagnole.<\/p>\n<p>Le responsable espagnol a abord\u00e9 les mesures adopt\u00e9es par son pays, qui vont dans le sens de \u00ab\u00a0MedFish4Ever\u00a0\u00bb, indiquant que l\u2019Espagne a une l\u00e9gislation sp\u00e9cifique, un syst\u00e8me de permis pour la p\u00eache r\u00e9cr\u00e9ative, qui contribue \u00e0 la pr\u00e9servation de nos ressources halieutiques.<\/p>\n<div class=\"c17\">\n<fieldset class=\"c16\">\n<legend><strong><span class=\"c11\">Challenge<\/span><span class=\"c12\">news<\/span><\/strong><\/legend>\n<div class=\"c15\">Le meilleur de la r\u00e9daction s\u00e9lectionn\u00e9 par Challenge :<\/p>\n<\/div>\n<\/fieldset>\n<\/div>\n<p>Auteur: challenge<br \/>\n<a href=\"https:\/\/www.challenge.ma\/il-fait-lactu-luis-planas-puchades-ministre-espagnol-de-lagriculture-110573\/\">Cliquez ici pour lire l&rsquo;article depuis sa source.<\/a><\/p>\n","protected":false},"excerpt":{"rendered":"<p>La durabilit\u00e9 des ressources de la p\u00eache et de l\u2019environnement marin est une priorit\u00e9 absolue pour l\u2019Espagne, a affirm\u00e9 mercredi, \u00e0 Marrakech, le ministre espagnol de l\u2019Agriculture, de la p\u00eache et de l\u2019alimentation, Luis Planas Puchades. \u00ab\u00a0Une p\u00eache durable ne pourra que garantir l\u2019avenir \u00e0 long terme du secteur et sera un moyen de subsistance [&hellip;]<\/p>\n","protected":false},"author":1787,"featured_media":0,"comment_status":"closed","ping_status":"closed","sticky":false,"template":"","format":"standard","meta":{"fifu_image_url":"","fifu_image_alt":"","footnotes":""},"categories":[78,54],"tags":[],"class_list":["post-40255","post","type-post","status-publish","format-standard","hentry","category-economie","category-maroc"],"_links":{"self":[{"href":"https:\/\/linitiative.ca\/International\/wp-json\/wp\/v2\/posts\/40255","targetHints":{"allow":["GET"]}}],"collection":[{"href":"https:\/\/linitiative.ca\/International\/wp-json\/wp\/v2\/posts"}],"about":[{"href":"https:\/\/linitiative.ca\/International\/wp-json\/wp\/v2\/types\/post"}],"author":[{"embeddable":true,"href":"https:\/\/linitiative.ca\/International\/wp-json\/wp\/v2\/users\/1787"}],"replies":[{"embeddable":true,"href":"https:\/\/linitiative.ca\/International\/wp-json\/wp\/v2\/comments?post=40255"}],"version-history":[{"count":0,"href":"https:\/\/linitiative.ca\/International\/wp-json\/wp\/v2\/posts\/40255\/revisions"}],"wp:attachment":[{"href":"https:\/\/linitiative.ca\/International\/wp-json\/wp\/v2\/media?parent=40255"}],"wp:term":[{"taxonomy":"category","embeddable":true,"href":"https:\/\/linitiative.ca\/International\/wp-json\/wp\/v2\/categories?post=40255"},{"taxonomy":"post_tag","embeddable":true,"href":"https:\/\/linitiative.ca\/International\/wp-json\/wp\/v2\/tags?post=40255"}],"curies":[{"name":"wp","href":"https:\/\/api.w.org\/{rel}","templated":true}]}}