{"id":40256,"date":"2019-06-12T13:15:38","date_gmt":"2019-06-12T17:15:38","guid":{"rendered":"https:\/\/linitiative.ca\/International\/casablanca-le-siege-dinwi-prend-feu\/"},"modified":"2019-06-12T13:15:38","modified_gmt":"2019-06-12T17:15:38","slug":"casablanca-le-siege-dinwi-prend-feu","status":"publish","type":"post","link":"https:\/\/linitiative.ca\/International\/casablanca-le-siege-dinwi-prend-feu\/","title":{"rendered":"Casablanca : le si\u00e8ge d\u2019inwi prend feu"},"content":{"rendered":"<p>Un b\u00e2timent du si\u00e8ge d\u2019inwi, situ\u00e9 \u00e0 Sidi Maarouf, a pris feu ce mercredi 12 juin 2019, \u00e0 Casablanca. L\u2019incendie s\u2019est propag\u00e9 tr\u00e8s vite deux heures durant \u00e0 travers deux \u00e9tages o\u00f9 il n\u2019y avait pas de mat\u00e9riel. Le personnel, lui, a \u00e9t\u00e9 rapidement \u00e9vacu\u00e9. Selon l\u2019op\u00e9rateur, la situation est compl\u00e8tement ma\u00eetris\u00e9e.<\/p>\n<div class=\"c10\"\/>\n<p><img loading=\"lazy\" decoding=\"async\" class=\"alignnone size-medium wp-image-110579\" src=\"https:\/\/www.challenge.ma\/wp-content\/uploads\/2019\/06\/IMG_6007-300x200.jpg\" alt=\"\" width=\"300\" height=\"200\" srcset=\"https:\/\/www.challenge.ma\/wp-content\/uploads\/2019\/06\/IMG_6007-300x200.jpg 300w, https:\/\/www.challenge.ma\/wp-content\/uploads\/2019\/06\/IMG_6007-768x512.jpg 768w, https:\/\/www.challenge.ma\/wp-content\/uploads\/2019\/06\/IMG_6007-1024x683.jpg 1024w, https:\/\/www.challenge.ma\/wp-content\/uploads\/2019\/06\/IMG_6007-360x240.jpg 360w, https:\/\/www.challenge.ma\/wp-content\/uploads\/2019\/06\/IMG_6007-750x500.jpg 750w\" sizes=\"auto, (max-width: 300px) 100vw, 300px\"\/><\/p>\n<p>Les causes du d\u00e9clenchement de feu n\u2019ont pour le moment pas \u00e9t\u00e9 d\u00e9termin\u00e9es. Une enqu\u00eate est ouverte pour \u00e9claircir les circonstances de cet incendie.<\/p>\n<p>\u201cTout le r\u00e9seau inwi fonctionne normalement sur l\u2019ensemble du territoire\u201d, a assur\u00e9 une source proche de l\u2019op\u00e9rateur.<\/p>\n<div class=\"c17\">\n<fieldset class=\"c16\">\n<legend><strong><span class=\"c11\">Challenge<\/span><span class=\"c12\">news<\/span><\/strong><\/legend>\n<div class=\"c15\">Le meilleur de la r\u00e9daction s\u00e9lectionn\u00e9 par Challenge :<\/p>\n<\/div>\n<\/fieldset>\n<\/div>\n<p>Auteur: Hajar DARI<br \/>\n<a href=\"https:\/\/www.challenge.ma\/casablanca-le-siege-dinwi-prend-feu-110572\/\">Cliquez ici pour lire l&rsquo;article depuis sa source.<\/a><\/p>\n","protected":false},"excerpt":{"rendered":"<p>Un b\u00e2timent du si\u00e8ge d\u2019inwi, situ\u00e9 \u00e0 Sidi Maarouf, a pris feu ce mercredi 12 juin 2019, \u00e0 Casablanca. L\u2019incendie s\u2019est propag\u00e9 tr\u00e8s vite deux heures durant \u00e0 travers deux \u00e9tages o\u00f9 il n\u2019y avait pas de mat\u00e9riel. Le personnel, lui, a \u00e9t\u00e9 rapidement \u00e9vacu\u00e9. Selon l\u2019op\u00e9rateur, la situation est compl\u00e8tement ma\u00eetris\u00e9e. Les causes du [&hellip;]<\/p>\n","protected":false},"author":1787,"featured_media":40257,"comment_status":"closed","ping_status":"closed","sticky":false,"template":"","format":"standard","meta":{"fifu_image_url":"","fifu_image_alt":"","footnotes":""},"categories":[78,54],"tags":[],"class_list":["post-40256","post","type-post","status-publish","format-standard","has-post-thumbnail","hentry","category-economie","category-maroc"],"_links":{"self":[{"href":"https:\/\/linitiative.ca\/International\/wp-json\/wp\/v2\/posts\/40256","targetHints":{"allow":["GET"]}}],"collection":[{"href":"https:\/\/linitiative.ca\/International\/wp-json\/wp\/v2\/posts"}],"about":[{"href":"https:\/\/linitiative.ca\/International\/wp-json\/wp\/v2\/types\/post"}],"author":[{"embeddable":true,"href":"https:\/\/linitiative.ca\/International\/wp-json\/wp\/v2\/users\/1787"}],"replies":[{"embeddable":true,"href":"https:\/\/linitiative.ca\/International\/wp-json\/wp\/v2\/comments?post=40256"}],"version-history":[{"count":0,"href":"https:\/\/linitiative.ca\/International\/wp-json\/wp\/v2\/posts\/40256\/revisions"}],"wp:featuredmedia":[{"embeddable":true,"href":"https:\/\/linitiative.ca\/International\/wp-json\/"}],"wp:attachment":[{"href":"https:\/\/linitiative.ca\/International\/wp-json\/wp\/v2\/media?parent=40256"}],"wp:term":[{"taxonomy":"category","embeddable":true,"href":"https:\/\/linitiative.ca\/International\/wp-json\/wp\/v2\/categories?post=40256"},{"taxonomy":"post_tag","embeddable":true,"href":"https:\/\/linitiative.ca\/International\/wp-json\/wp\/v2\/tags?post=40256"}],"curies":[{"name":"wp","href":"https:\/\/api.w.org\/{rel}","templated":true}]}}