{"id":40280,"date":"2019-06-12T16:07:50","date_gmt":"2019-06-12T20:07:50","guid":{"rendered":"https:\/\/linitiative.ca\/International\/fin-de-la-desobeissance-civile-au-soudan\/"},"modified":"2019-06-12T16:07:50","modified_gmt":"2019-06-12T20:07:50","slug":"fin-de-la-desobeissance-civile-au-soudan","status":"publish","type":"post","link":"https:\/\/linitiative.ca\/International\/fin-de-la-desobeissance-civile-au-soudan\/","title":{"rendered":"FIN DE LA DESOBEISSANCE CIVILE AU SOUDAN"},"content":{"rendered":"<div class=\"stream-item stream-item-above-post-content\">\n<p><noscript><\/p>\n<p><a href=\"\/\/www3.smartadserver.com\/ac?jump=1&#038;nwid=2136&#038;siteid=240610&#038;pgname=rg&#038;fmtid=49046&#038;visit=m&#038;tmstp=[timestamp]&#038;out=nonrich\" target=\"_blank\" rel=\"noopener noreferrer\"><img decoding=\"async\" src=\"\/\/www3.smartadserver.com\/ac?out=nonrich&#038;nwid=2136&#038;siteid=240610&#038;pgname=rg&#038;fmtid=49046&#038;visit=m&#038;tmstp=[timestamp]\" border=\"0\" alt=\"\"\/><\/a><\/p>\n<p><\/noscript><\/div>\n<p class=\"c3\"><em>Le m\u00e9diateur dans la crise soudanaise, l\u2019Ethiopien Mahmoud Drir, repr\u00e9sentant le Premier ministre, Abiy Ahmed, a annonc\u00e9, le 11 juin dernier, dans la soir\u00e9e, la lev\u00e9e du mot d\u2019ordre de d\u00e9sob\u00e9issance civile que l\u2019opposition soudanaise avait lanc\u00e9 suite au massacre de la place de Colombie \u00e0 Khartoum. Cette \u00e9volution importante dans le divorce intervenu entre le Conseil militaire de transition et l\u2019Alliance pour la libert\u00e9 et le changement, intervient apr\u00e8s que la junte a accept\u00e9 la lib\u00e9ration des prisonniers politiques et le retour \u00e0 la table des n\u00e9gociations.\u00a0<\/em> <em>M\u00eame si l\u2019on est encore loin d\u2019une sortie de crise, l\u2019on peut d\u00e9j\u00e0 tresser des lauriers au m\u00e9diateur \u00e9thiopien qui, non seulement est sur le point de r\u00e9ussir le pari de renouer le fil du dialogue entre les fr\u00e8res ennemis, mais aussi a r\u00e9ussi l\u2019\u00e9largissement de tous ceux qui avaient \u00e9t\u00e9 interpell\u00e9s dans le cadre des manifestations contre la confiscation du pouvoir au Soudan par les hommes en treillis.<\/em><\/p>\n<p><strong>Les activit\u00e9s \u00e9conomiques commen\u00e7aient \u00e0 prendre du plomb dans l\u2019aile<\/strong><\/p>\n<p class=\"c3\"><em>Cette victoire d\u2019\u00e9tape de la m\u00e9diation \u00e9thiopienne est d\u2019autant plus m\u00e9ritoire que rien ne laissait pr\u00e9sager d\u2019une d\u00e9crispation de l\u2019atmosph\u00e8re ; en t\u00e9moigne l\u2019arrestation des deux opposants, que la junte militaire avait op\u00e9r\u00e9e \u00e0 la sortie de la rencontre avec le Premier ministre \u00e9thiopien et qui, somme toute, ressemblait \u00e0 un pied de nez fait \u00e0 ce dernier. Sans pr\u00e9sager de ce qui sortira des n\u00e9gociations qui, aux dires du m\u00e9diateur, reprendront \u00abtr\u00e8s prochainement\u00bb, l\u2019on peut aussi se f\u00e9liciter du fait que les protagonistes de la crise, ont, au-del\u00e0 des ranc\u0153urs qui peuvent encore les animer apr\u00e8s les jours de tourmente qu\u2019a connus le pays, accept\u00e9 de s\u2019asseoir \u00e0 nouveau sous l\u2019arbre \u00e0 palabres pour tenter d\u2019aplanir leurs difficult\u00e9s.<\/em> <em>Cela dit, l\u2019on peut se poser la question de savoir si l\u2019opposition soudanaise avait autre choix que de saisir l\u2019offre de dialogue du m\u00e9diateur pour mettre fin \u00e0 son appel \u00e0 la d\u00e9sob\u00e9issance civile. L\u2019on peut en douter quand on sait que le mouvement de contestation commen\u00e7ait \u00e0 pr\u00e9senter quelques signes d\u2019essoufflement en raison des implications \u00e9conomiques de la r\u00e9sistance. En effet, les activit\u00e9s \u00e9conomiques, dans la capitale, commen\u00e7aient \u00e0 prendre du plomb dans l\u2019aile ; toute chose qui impactait n\u00e9gativement la qualit\u00e9 de la vie des populations qui peinaient d\u00e9j\u00e0 \u00e0 subvenir \u00e0 leurs besoins existentiels. Et il faut le dire, beaucoup de Soudanais, du fait de la r\u00e9pression, dormaient la peur au ventre. Il n\u2019\u00e9tait donc plus certains que les appels \u00e0 manifester de l\u2019opposition pussent mobiliser les foules qu\u2019ils drainaient auparavant. Le pire est que malgr\u00e9 les vagues d\u2019indignation qu\u2019avaient soulev\u00e9es les tueries \u00e0 Khartoum, le r\u00e9gime militaire continue de b\u00e9n\u00e9ficier de soutiens \u00e9trangers, notamment dans les pays du golfe arabique ; ce qui ne laissait entrevoir aucune \u00e9claircie quant \u00e0 une abdication du pouvoir par les hommes en kaki.\u00a0<\/em> <em>En tout \u00e9tat de cause, l\u2019on peut m\u00eame penser que la tr\u00eave obtenue par Mahmoud Drir, sonne comme une bouff\u00e9e d\u2019oxyg\u00e8ne pour l\u2019Alliance pour la libert\u00e9 et le changement qui semblait pris \u00e0 la gorge. Et de ce point de vue, l\u2019on peut dire que le Conseil militaire de transition est en train de gagner l\u2019opposition \u00e0 l\u2019usure.<\/em><\/p>\n<p><strong>Rien ne laisse entrevoir une volont\u00e9 de remettre au peuple le pouvoir<\/strong><\/p>\n<p class=\"c3\"><em>Mais le tout n\u2019est pas de retourner \u00e0 la table des n\u00e9gociations. En effet, m\u00eame si le m\u00e9diateur se veut rassurant sur la conservation des acquis d\u2019avant la suspension des pourparlers, rien n\u2019augure de conclusions qui puissent satisfaire l\u2019exigence du transfert du pouvoir aux civils comme le r\u00e9clament les manifestants. La junte ne semble offrir aucune garantie quant au respect de la parole donn\u00e9e et rien, dans son comportement, ne laisse entrevoir une volont\u00e9 de remettre au peuple le pouvoir qu\u2019il lui a subtilis\u00e9 au lendemain de la chute d\u2019Omar El B\u00e9chir. Par ailleurs, la question qui f\u00e2che et qui peut faire capoter les n\u00e9gociations lorsqu\u2019elles reprendront, est la suivante : que fait-on des victimes de la r\u00e9pression ? M\u00eame si la junte refuse d\u2019endosser la responsabilit\u00e9 des tueries du 3 juin dernier, la justice pour ces militants et sympathisants de l\u2019opposition tomb\u00e9s sur le champ de la bataille, est primordiale. Car, comment enjamber des cadavres pour aller s\u2019asseoir \u00e0 la m\u00eame table que leurs bourreaux ? En tout cas, si on devait passer par pertes et profits les massacres de Khartoum, l\u2019opposition soudanaise se ferait elle-m\u00eame harakiri.<\/em> <em>Cela dit, il appartient \u00e0 la m\u00e9diation \u00e9thiopienne et \u00e0 la communaut\u00e9 internationale de peser de tout leur poids pour que tous les d\u00e9fis qui se pr\u00e9sentent comme obstacles, puissent \u00eatre relev\u00e9s, tout en veillant \u00e0 ce que ces n\u00e9gociations qui ressemblent au dialogue du loup et de l\u2019agneau, ne se terminent pas comme dans la fable.<\/em><\/p>\n<p><strong>\u00abLe Pays\u00bb<\/strong><\/p>\n<p>Auteur: Le Pays<br \/>\n<a href=\"http:\/\/lepays.bf\/fin-de-la-desobeissance-civile-au-soudan\/\">Cliquez ici pour lire l&rsquo;article depuis sa source.<\/a><\/p>\n","protected":false},"excerpt":{"rendered":"<p>Le m\u00e9diateur dans la crise soudanaise, l\u2019Ethiopien Mahmoud Drir, repr\u00e9sentant le Premier ministre, Abiy Ahmed, a annonc\u00e9, le 11 juin dernier, dans la soir\u00e9e, la lev\u00e9e du mot d\u2019ordre de d\u00e9sob\u00e9issance civile que l\u2019opposition soudanaise avait lanc\u00e9 suite au massacre de la place de Colombie \u00e0 Khartoum. Cette \u00e9volution importante dans le divorce intervenu entre [&hellip;]<\/p>\n","protected":false},"author":1813,"featured_media":0,"comment_status":"closed","ping_status":"closed","sticky":false,"template":"","format":"standard","meta":{"fifu_image_url":"","fifu_image_alt":"","footnotes":""},"categories":[73,81],"tags":[],"class_list":["post-40280","post","type-post","status-publish","format-standard","hentry","category-actualite","category-burkina-faso"],"_links":{"self":[{"href":"https:\/\/linitiative.ca\/International\/wp-json\/wp\/v2\/posts\/40280","targetHints":{"allow":["GET"]}}],"collection":[{"href":"https:\/\/linitiative.ca\/International\/wp-json\/wp\/v2\/posts"}],"about":[{"href":"https:\/\/linitiative.ca\/International\/wp-json\/wp\/v2\/types\/post"}],"author":[{"embeddable":true,"href":"https:\/\/linitiative.ca\/International\/wp-json\/wp\/v2\/users\/1813"}],"replies":[{"embeddable":true,"href":"https:\/\/linitiative.ca\/International\/wp-json\/wp\/v2\/comments?post=40280"}],"version-history":[{"count":0,"href":"https:\/\/linitiative.ca\/International\/wp-json\/wp\/v2\/posts\/40280\/revisions"}],"wp:attachment":[{"href":"https:\/\/linitiative.ca\/International\/wp-json\/wp\/v2\/media?parent=40280"}],"wp:term":[{"taxonomy":"category","embeddable":true,"href":"https:\/\/linitiative.ca\/International\/wp-json\/wp\/v2\/categories?post=40280"},{"taxonomy":"post_tag","embeddable":true,"href":"https:\/\/linitiative.ca\/International\/wp-json\/wp\/v2\/tags?post=40280"}],"curies":[{"name":"wp","href":"https:\/\/api.w.org\/{rel}","templated":true}]}}