{"id":40281,"date":"2019-06-12T16:11:20","date_gmt":"2019-06-12T20:11:20","guid":{"rendered":"https:\/\/linitiative.ca\/International\/nouvelle-attaque-meurtriere-au-cameroun\/"},"modified":"2019-06-12T16:11:20","modified_gmt":"2019-06-12T20:11:20","slug":"nouvelle-attaque-meurtriere-au-cameroun","status":"publish","type":"post","link":"https:\/\/linitiative.ca\/International\/nouvelle-attaque-meurtriere-au-cameroun\/","title":{"rendered":"NOUVELLE ATTAQUE MEURTRIERE AU CAMEROUN"},"content":{"rendered":"<div class=\"stream-item stream-item-above-post-content\">\n<p><noscript><\/p>\n<p><a href=\"\/\/www3.smartadserver.com\/ac?jump=1&#038;nwid=2136&#038;siteid=240610&#038;pgname=rg&#038;fmtid=49046&#038;visit=m&#038;tmstp=[timestamp]&#038;out=nonrich\" target=\"_blank\" rel=\"noopener noreferrer\"><img decoding=\"async\" src=\"\/\/www3.smartadserver.com\/ac?out=nonrich&#038;nwid=2136&#038;siteid=240610&#038;pgname=rg&#038;fmtid=49046&#038;visit=m&#038;tmstp=[timestamp]\" border=\"0\" alt=\"\"\/><\/a><\/p>\n<p><\/noscript><\/div>\n<p class=\"c3\"><em>D\u00e9cid\u00e9ment, le week-end \u00e9coul\u00e9 aura \u00e9t\u00e9 tr\u00e8s meurtrier dans la sous-r\u00e9gion ouest-africaine et dans le bassin du lac Tchad. C\u2019est le moins que l\u2019on puisse dire. En effet, alors que l\u2019on n\u2019a pas encore fini de pleurer les dizaines de personnes tu\u00e9es au Mali et au Burkina Faso, l\u2019on apprend que les forces de mal ont perp\u00e9tr\u00e9 une autre attaque d\u2019envergure dans le Nord du Cameroun, laissant au total 37 cadavres sur le carreau dont 21 militaires et 16 civils. C\u2019\u00e9tait le dimanche 9 juin, soit pratiquement le m\u00eame jour o\u00f9 p\u00e9rissaient, sous les balles assassines d\u2019hommes arm\u00e9s, \u00e0 Arbinda au Burkina Faso et \u00e0 Sobane au Mali, d\u2019innocentes personnes. A ce qu\u2019on dit, les assaillants sont arriv\u00e9s \u00e0 bord d\u2019embarcations \u00e9quip\u00e9es de lance-roquettes et ont vis\u00e9 les positions de l\u2019arm\u00e9e camerounaise dont un poste de la Force multinationale mixte (FMM), du nom de cette force r\u00e9gionale qui lutte contre Boko Haram. C\u2019est la preuve donc, pour ceux qui en doutaient encore, que bien qu\u2019affaibli, Boko Haram dispose d\u2019une grande capacit\u00e9 de nuisance si bien qu\u2019il faut se garder de tout triomphalisme. Sa voilure a \u00e9t\u00e9 r\u00e9duite certes, mais la secte est loin d\u2019\u00eatre vaincue. A preuve, peu avant cette attaque d\u2019envergure au Cameroun qui, depuis des mois, connaissait une accalmie relative, les hommes d\u2019Abubakar Shekau avaient trucid\u00e9 une trentaine de soldats tchadiens en d\u00e9but mars dernier.<\/em><\/p>\n<p><strong>Ce n\u2019est pas demain la veille que l\u2019on vaincra le terrorisme, tant ils sont nombreux qui, dans la cha\u00eene, font dans l\u2019hypocrisie<\/strong><\/p>\n<p class=\"c3\"><em>Dans le m\u00eame mois, pr\u00e8s d\u2019une centaine de civils avaient \u00e9galement \u00e9t\u00e9 envoy\u00e9s ad patres au Niger par la m\u00eame bande arm\u00e9e qui a fait le choix de semer la mort et la d\u00e9solation sur son passage. En effet, les statistiques font \u00e9tat de 27 000 personnes tu\u00e9es depuis le soul\u00e8vement de Boko Haram en 2009, sans compter les d\u00e9plac\u00e9s que l\u2019on estime \u00e0 2 millions environ. Voyez-vous\u00a0? Il y a p\u00e9ril en la demeure. Car, la menace s\u00e9curitaire n\u2019est plus une simple vue de l\u2019esprit. Elle est une r\u00e9alit\u00e9 qui menace m\u00eame les fondements de bien des pays africains. Tout se passe comme si, traqu\u00e9s en Syrie et au Y\u00e9men, les islamistes se sont donn\u00e9 rendez-vous au Sud du Sahara o\u00f9 ils tentent d\u2019installer des califats. C\u2019est le lieu donc d\u2019en appeler \u00e0 la responsabilit\u00e9 de nos dirigeants mais aussi de celle de la communaut\u00e9 internationale, notamment les grandes puissances qui, on le sait, nourrissent le circuit d\u2019approvisionnement des terroristes en armes. C\u2019est dire donc que ce n\u2019est pas demain la veille que l\u2019on vaincra le terrorisme, tant ils sont nombreux qui, dans la cha\u00eene, font dans l\u2019hypocrisie. Le moment viendra o\u00f9 tout se saura. Car, comme on le dit, tout ce qui g\u00eet dans l\u2019obscurit\u00e9 aspire \u00e0 la lumi\u00e8re. Et c\u2019est peu dire\u00a0!<\/em><\/p>\n<p><strong>B.O<\/strong><\/p>\n<p>Auteur: Le Pays<br \/>\n<a href=\"http:\/\/lepays.bf\/nouvelle-attaque-meurtriere-au-cameroun\/\">Cliquez ici pour lire l&rsquo;article depuis sa source.<\/a><\/p>\n","protected":false},"excerpt":{"rendered":"<p>D\u00e9cid\u00e9ment, le week-end \u00e9coul\u00e9 aura \u00e9t\u00e9 tr\u00e8s meurtrier dans la sous-r\u00e9gion ouest-africaine et dans le bassin du lac Tchad. C\u2019est le moins que l\u2019on puisse dire. En effet, alors que l\u2019on n\u2019a pas encore fini de pleurer les dizaines de personnes tu\u00e9es au Mali et au Burkina Faso, l\u2019on apprend que les forces de mal [&hellip;]<\/p>\n","protected":false},"author":1813,"featured_media":0,"comment_status":"closed","ping_status":"closed","sticky":false,"template":"","format":"standard","meta":{"fifu_image_url":"","fifu_image_alt":"","footnotes":""},"categories":[73,81],"tags":[],"class_list":["post-40281","post","type-post","status-publish","format-standard","hentry","category-actualite","category-burkina-faso"],"_links":{"self":[{"href":"https:\/\/linitiative.ca\/International\/wp-json\/wp\/v2\/posts\/40281","targetHints":{"allow":["GET"]}}],"collection":[{"href":"https:\/\/linitiative.ca\/International\/wp-json\/wp\/v2\/posts"}],"about":[{"href":"https:\/\/linitiative.ca\/International\/wp-json\/wp\/v2\/types\/post"}],"author":[{"embeddable":true,"href":"https:\/\/linitiative.ca\/International\/wp-json\/wp\/v2\/users\/1813"}],"replies":[{"embeddable":true,"href":"https:\/\/linitiative.ca\/International\/wp-json\/wp\/v2\/comments?post=40281"}],"version-history":[{"count":0,"href":"https:\/\/linitiative.ca\/International\/wp-json\/wp\/v2\/posts\/40281\/revisions"}],"wp:attachment":[{"href":"https:\/\/linitiative.ca\/International\/wp-json\/wp\/v2\/media?parent=40281"}],"wp:term":[{"taxonomy":"category","embeddable":true,"href":"https:\/\/linitiative.ca\/International\/wp-json\/wp\/v2\/categories?post=40281"},{"taxonomy":"post_tag","embeddable":true,"href":"https:\/\/linitiative.ca\/International\/wp-json\/wp\/v2\/tags?post=40281"}],"curies":[{"name":"wp","href":"https:\/\/api.w.org\/{rel}","templated":true}]}}