{"id":40282,"date":"2019-06-12T16:14:29","date_gmt":"2019-06-12T20:14:29","guid":{"rendered":"https:\/\/linitiative.ca\/International\/invalidation-de-mandats-de-deputes-de-lopposition-en-rdc\/"},"modified":"2019-06-12T16:14:29","modified_gmt":"2019-06-12T20:14:29","slug":"invalidation-de-mandats-de-deputes-de-lopposition-en-rdc","status":"publish","type":"post","link":"https:\/\/linitiative.ca\/International\/invalidation-de-mandats-de-deputes-de-lopposition-en-rdc\/","title":{"rendered":"INVALIDATION DE MANDATS DE DEPUTES DE L\u2019OPPOSITION EN RDC"},"content":{"rendered":"<div class=\"stream-item stream-item-above-post-content\">\n<p><noscript><\/p>\n<p><a href=\"\/\/www3.smartadserver.com\/ac?jump=1&#038;nwid=2136&#038;siteid=240610&#038;pgname=rg&#038;fmtid=49046&#038;visit=m&#038;tmstp=[timestamp]&#038;out=nonrich\" target=\"_blank\" rel=\"noopener noreferrer\"><img decoding=\"async\" src=\"\/\/www3.smartadserver.com\/ac?out=nonrich&#038;nwid=2136&#038;siteid=240610&#038;pgname=rg&#038;fmtid=49046&#038;visit=m&#038;tmstp=[timestamp]\" border=\"0\" alt=\"\"\/><\/a><\/p>\n<p><\/noscript><\/div>\n<p class=\"c3\"><em>Pr\u00e8s de deux semaines apr\u00e8s la nomination d\u2019un Premier ministre par le pr\u00e9sident F\u00e9lix Tshis\u00e9k\u00e9di, la R\u00e9publique d\u00e9mocratique du Congo (RDC) n\u2019a toujours pas de gouvernement. En effet, les deux coalitions au pouvoir, c\u2019est-\u00e0-dire le Front commun pour le Congo (FCC) de l\u2019ex-pr\u00e9sident, Joseph Kabila et la coalition CASH du nouveau ma\u00eetre de Kinshasa, n\u2019arrivent toujours pas \u00e0 s\u2019entendre sur le partage des postes minist\u00e9riels\u00a0; chacun voulant se tailler la part du lion. Les n\u00e9gociations avaient m\u00eame \u00e9t\u00e9 entre-temps suspendues, tant les positions des uns et des autres sont tr\u00e8s oppos\u00e9es. Et comme pour ne rien arranger, la Cour constitutionnelle vient d\u2019invalider, hier, 11 juin 2019, vingt d\u00e9put\u00e9s de l\u2019opposition et cela, au profit de la majorit\u00e9 parlementaire de l\u2019ex-pr\u00e9sident Joseph Kabila. Ces invalidations qui profitent \u00e0 d\u2019anciens ministres, touchent une dizaine d\u2019\u00e9lus proches de l\u2019opposant Mo\u00efse Katumbi, huit du Mouvement de lib\u00e9ration du Congo (MCC) de Jean-Pierre Bemba et deux du candidat malheureux \u00e0 la pr\u00e9sidentielle, Martin Fayulu. C\u2019est donc clair, Joseph Kabila reste le ma\u00eetre du jeu en RDC. Il est parti sans \u00eatre parti si fait que le pr\u00e9sident F\u00e9lix Tshis\u00e9k\u00e9di n\u2019appara\u00eet plus que comme un simple faire-valoir. Ne disposant d\u2019aucune marge de man\u0153uvre, il cherche \u00e0 se rapprocher de ses anciens camarades de l\u2019opposition\u00a0; ce qui explique d\u2019ailleurs la r\u00e9cente nomination d\u2019un proche de Mo\u00efse Katumbi \u00e0 la Soci\u00e9t\u00e9 des chemins de fer qui lui vaut aussi de s\u00e9rieux ennuis de la part du camp Kabila.<\/em><\/p>\n<p><strong>La ran\u00e7on de la compromission<\/strong><\/p>\n<p><em>C\u2019est pourquoi, d\u00e9pit\u00e9s, des militants de l\u2019Union pour la d\u00e9mocratie et le progr\u00e8s social (UDPS) ont d\u00e9cid\u00e9 de donner de la voix en manifestant le 10 juin dernier devant le parlement r\u00e9uni en session, pour exprimer leur ras-le-bol face au m\u00e9pris dont est victime leur mentor.\u00a0<\/em> <em>Faut-il pour autant plaindre F\u00e9lix Tshis\u00e9k\u00e9di ? Assur\u00e9ment, non ! Car ce qui lui arrive aujourd\u2019hui, \u00e9tait pr\u00e9visible : c\u2019est la ran\u00e7on de la compromission et du deal. Quand on emprunte le chemin de la f\u00e9lonie, on ne peut que se retrouver au rond-point des regrets. Et c\u2019est peu dire. Car, en moins de six mois au pouvoir, F\u00e9lix Tshis\u00e9k\u00e9di en a vu des vertes et des pas m\u00fbres si bien que, par moments, l\u2019on se demande comment, dans ces conditions, il compte mener \u00e0 bien son mandat.\u00a0<\/em> <em>On attend de voir quand on sait que son alli\u00e9 d\u2019hier qu\u2019est Joseph Kabila, est loin d\u2019\u00eatre un enfant de ch\u0153ur. Ce dernier continuera de tirer les ficelles et ne m\u00e9nagera aucun effort pour chercher des noises \u00e0 Tshis\u00e9k\u00e9di fils. Mais, s\u2019il y a bien quelqu\u2019un qui doit actuellement rire sous cape, c\u2019est bien Martin Fayulu qui continue de revendiquer sa victoire \u00e0 l\u2019issue de la pr\u00e9sidentielle de fin d\u00e9cembre 2018.<\/em><\/p>\n<p><strong>B.O<\/strong><\/p>\n<p>Auteur: Le Pays<br \/>\n<a href=\"http:\/\/lepays.bf\/invalidation-de-mandats-de-deputes-de-lopposition-en-rdc\/\">Cliquez ici pour lire l&rsquo;article depuis sa source.<\/a><\/p>\n","protected":false},"excerpt":{"rendered":"<p>Pr\u00e8s de deux semaines apr\u00e8s la nomination d\u2019un Premier ministre par le pr\u00e9sident F\u00e9lix Tshis\u00e9k\u00e9di, la R\u00e9publique d\u00e9mocratique du Congo (RDC) n\u2019a toujours pas de gouvernement. En effet, les deux coalitions au pouvoir, c\u2019est-\u00e0-dire le Front commun pour le Congo (FCC) de l\u2019ex-pr\u00e9sident, Joseph Kabila et la coalition CASH du nouveau ma\u00eetre de Kinshasa, n\u2019arrivent [&hellip;]<\/p>\n","protected":false},"author":1813,"featured_media":0,"comment_status":"closed","ping_status":"closed","sticky":false,"template":"","format":"standard","meta":{"fifu_image_url":"","fifu_image_alt":"","footnotes":""},"categories":[73,81],"tags":[],"class_list":["post-40282","post","type-post","status-publish","format-standard","hentry","category-actualite","category-burkina-faso"],"_links":{"self":[{"href":"https:\/\/linitiative.ca\/International\/wp-json\/wp\/v2\/posts\/40282","targetHints":{"allow":["GET"]}}],"collection":[{"href":"https:\/\/linitiative.ca\/International\/wp-json\/wp\/v2\/posts"}],"about":[{"href":"https:\/\/linitiative.ca\/International\/wp-json\/wp\/v2\/types\/post"}],"author":[{"embeddable":true,"href":"https:\/\/linitiative.ca\/International\/wp-json\/wp\/v2\/users\/1813"}],"replies":[{"embeddable":true,"href":"https:\/\/linitiative.ca\/International\/wp-json\/wp\/v2\/comments?post=40282"}],"version-history":[{"count":0,"href":"https:\/\/linitiative.ca\/International\/wp-json\/wp\/v2\/posts\/40282\/revisions"}],"wp:attachment":[{"href":"https:\/\/linitiative.ca\/International\/wp-json\/wp\/v2\/media?parent=40282"}],"wp:term":[{"taxonomy":"category","embeddable":true,"href":"https:\/\/linitiative.ca\/International\/wp-json\/wp\/v2\/categories?post=40282"},{"taxonomy":"post_tag","embeddable":true,"href":"https:\/\/linitiative.ca\/International\/wp-json\/wp\/v2\/tags?post=40282"}],"curies":[{"name":"wp","href":"https:\/\/api.w.org\/{rel}","templated":true}]}}