{"id":40283,"date":"2019-06-11T19:22:13","date_gmt":"2019-06-11T23:22:13","guid":{"rendered":"https:\/\/linitiative.ca\/International\/medias-detat-la-mutation-en-question\/"},"modified":"2019-06-11T19:22:13","modified_gmt":"2019-06-11T23:22:13","slug":"medias-detat-la-mutation-en-question","status":"publish","type":"post","link":"https:\/\/linitiative.ca\/International\/medias-detat-la-mutation-en-question\/","title":{"rendered":"M\u00e9dias d\u2019\u00c9tat : La mutation en question"},"content":{"rendered":"<div class=\"td-post-featured-image\"><a href=\"https:\/\/i0.wp.com\/www.sidwaya.info\/wp-content\/uploads\/2019\/06\/m.jpg?fit=700%2C260&#038;ssl=1\" data-caption=\"\"><img loading=\"lazy\" decoding=\"async\" width=\"696\" height=\"259\" class=\"entry-thumb td-modal-image\" src=\"https:\/\/i0.wp.com\/www.sidwaya.info\/wp-content\/uploads\/2019\/06\/m.jpg?resize=696%2C259&#038;ssl=1\" srcset=\"https:\/\/i0.wp.com\/www.sidwaya.info\/wp-content\/uploads\/2019\/06\/m.jpg?w=700&#038;ssl=1 700w, https:\/\/i0.wp.com\/www.sidwaya.info\/wp-content\/uploads\/2019\/06\/m.jpg?resize=300%2C111&#038;ssl=1 300w, https:\/\/i0.wp.com\/www.sidwaya.info\/wp-content\/uploads\/2019\/06\/m.jpg?resize=696%2C260&#038;ssl=1 696w\" sizes=\"auto, (max-width: 696px) 100vw, 696px\" alt=\"\" title=\"m\"\/><\/a><\/div>\n<div class=\"td-a-rec td-a-rec-id-content_top td_uid_30_5d017225835d9_rand td_block_template_1\"><img loading=\"lazy\" decoding=\"async\" class=\"aligncenter size-full wp-image-4463\" src=\"https:\/\/www.sidwaya.info\/wp-content\/uploads\/2019\/02\/FESPACO-TOUR-2019-Bannie%CC%80re-728x90-1.jpg\" alt=\"\" width=\"728\" height=\"90\"\/><\/div>\n<p>Dans le d\u00e9bat qui se m\u00e8ne actuellement sur la mutation juridique des m\u00e9dias d\u2019\u00c9tat, les calculs d\u2019\u00e9piciers et les comptes d\u2019apothicaire semblent l\u2019emporter sur l\u2019enjeu majeur m\u00eame de ladite mutation, \u00e0 savoir le r\u00f4le que l\u2019on veut assigner \u00e0 ces m\u00e9dias dans un avenir proche afin qu\u2019ils jouent plus efficacement leur r\u00f4le ,et surtout contribuent davantage au rayonnement international du Burkina Faso.<\/p>\n<p>A ce stade de la r\u00e9flexion, l\u2019honn\u00eatet\u00e9 commande de dire que le rattachement institutionnel m\u00eame de ces m\u00e9dias est un frein \u00e0 l\u2019atteinte de l\u2019efficacit\u00e9 et de l\u2019efficience, les curricula dispens\u00e9s dans les \u00e9coles de formation \u00e9tant le second. Sur le premier point, est-il besoin de rappeler que, qui dit m\u00e9dias d\u2019\u00c9tat, dit expression de la souverainet\u00e9 et affirmation de la puissance publique d\u2019un \u00c9tat?<\/p>\n<p>Si on r\u00e9pond par l\u2019affirmative, la tutelle technique \u00e9vidente de la RTB et des \u00e9ditions Sidwaya est le minist\u00e8re des Affaires \u00e9trang\u00e8res et de la coop\u00e9ration qui porte la voix et la grandeur du Burkina Faso et qui, cons\u00e9quemment, doit partager celle-ci avec les relais puissants que sont lesdits m\u00e9dias.<\/p>\n<p>Nous voyons d\u2019ici les thurif\u00e9raires de la libert\u00e9 d\u2019expression et de pens\u00e9e nous traiter de porte-voix des liberticides de tous poils, mais ce serait- l\u00e0 un jugement de tartufe si tant est que l\u2019Occident, qu\u2019ils aiment si bien prendre en exemple, a, dans la grande majorit\u00e9 des \u00c9tats, opt\u00e9 pour cet \u201cassujettissement \u201c sans que personne ne crie au scandale et, mieux ou pire, a su ainsi imposer son mod\u00e8le de pens\u00e9e et d\u2019action \u00e0 nos populations qui sont grandes consommatrices de ces m\u00e9dias .<\/p>\n<p>Plus que la kalach ou le canon, la plume et le micro sont des armes redoutables qui, mises au service d\u2019une cause peuvent atteindre des r\u00e9sultats remarquables dans un sens comme dans l\u2019autre. Et, si malgr\u00e9 les arguments que nous venons d\u2019avancer, ils s\u2019en trouvent des personnes pour nous traiter d\u2019adeptes de la pens\u00e9e unique qu\u2019il leur plaise de se rappeler que l\u2019espace m\u00e9diatique est ouvert ici comme partout et qu\u2019il existe des m\u00e9dias priv\u00e9s charg\u00e9s de v\u00e9hiculer les id\u00e9es et th\u00e8ses libres, ce que du reste, les m\u00e9dias publics font pour peu que ceux-ci ont de la \u201cmoelle\u201d et concourent \u00e0 la d\u00e9fense des int\u00e9r\u00eats du pays.<\/p>\n<p>Car oui, m\u00e9dia public ne veut pas non plus dire m\u00e9dia gouvernemental ou de \u201cb\u00e9ni oui oui\u201d et ne devrait, de ce fait, gu\u00e8re cautionner des actions fussent-elles \u00e9tatiques qui mettent en p\u00e9ril l\u2019int\u00e9r\u00eat g\u00e9n\u00e9ral. M\u00e9dia d\u2019\u00c9tat oui, mais caisse de r\u00e9sonance non ; ce que, du reste, les politiques comprennent \u00e0 leur corps d\u00e9fendant quand celui-ci porte la voix du peuple, souverain premier.<\/p>\n<p>La fronti\u00e8re peut \u00eatre tenue entre ceux qui se disent \u00e9lus au suffrage universel et le peuple, mais elle existe, et c\u2019est ce que les journalistes doivent avoir \u00e0 l\u2019esprit dans l\u2019exercice de leur sacerdoce quotidien. Cela pose en filigrane le deuxi\u00e8me probl\u00e8me auquel sont confront\u00e9s les hommes de m\u00e9dias, \u00e0 savoir la vacuit\u00e9 des programmes dispens\u00e9s dans les \u00e9coles de formation et qui, pour l\u2019essentiel, tournent autour du respect de de l\u2019\u00e9thique et la d\u00e9ontologie sans que certaines grandes probl\u00e9matiques politiques et culturelles ne viennent compl\u00e9ter cet enseignement.<\/p>\n<p>Quel positionnement g\u00e9ostrat\u00e9gique pour nos \u00c9tats \u00e0 l\u2019heure de la mondialisation ; Quels enjeux philosophiques et politiques ont sous-tendu la cr\u00e9ation de l\u2019OUA puis plus tard de l\u2019UA ; Qu\u2019elle matrice culturelle adopter pour faire face victorieusement \u00e0 celle gr\u00e9co-romaine qui nous emp\u00eache d\u2019\u00eatre nous-m\u00eames ? Autant de probl\u00e9matiques parmi tant d\u2019autres qui nous paraissent trait\u00e9es \u201csuperficiellement \u201c dans nos universit\u00e9s et instituts de formation.<\/p>\n<p>Il y a l\u00e0 aussi un autre saut \u00e0 faire comme disait Joseph Ki Zerbo pour redonner aux m\u00e9dias et plus g\u00e9n\u00e9ralement \u00e0 nos corps de m\u00e9tiers pour \u00e9viter ou circonscrire ces conflits sociaux \u00e0 r\u00e9p\u00e9tition qui gangr\u00e8nent les seconds et la flagornerie ou le \u201ccriticisme \u201cexag\u00e9r\u00e9 qui peuplent les pages et les programmes des premiers. L\u2019\u00e9ducation, mati\u00e8re premi\u00e8re du d\u00e9veloppement, l\u2019assertion n\u2019a jamais \u00e9t\u00e9 aussi vraie que dans ce d\u00e9bat.<\/p>\n<p class=\"c1\"><strong>Boubakar SY<\/strong><\/p>\n<div class=\"td-a-rec td-a-rec-id-content_bottom td_uid_31_5d01722583775_rand td_block_template_1\"><img loading=\"lazy\" decoding=\"async\" class=\"alignright size-full wp-image-1724\" src=\"https:\/\/www.sidwaya.info\/wp-content\/uploads\/2018\/12\/sidwaya-pub.jpg\" alt=\"\" width=\"720\" height=\"90\"\/><\/div>\n<p>Auteur: JK. Sidwaya<br \/>\n<a href=\"https:\/\/www.sidwaya.info\/blog\/2019\/06\/11\/medias-detat-la-mutation-en-question\/\">Cliquez ici pour lire l&rsquo;article depuis sa source.<\/a><\/p>\n","protected":false},"excerpt":{"rendered":"<p>Dans le d\u00e9bat qui se m\u00e8ne actuellement sur la mutation juridique des m\u00e9dias d\u2019\u00c9tat, les calculs d\u2019\u00e9piciers et les comptes d\u2019apothicaire semblent l\u2019emporter sur l\u2019enjeu majeur m\u00eame de ladite mutation, \u00e0 savoir le r\u00f4le que l\u2019on veut assigner \u00e0 ces m\u00e9dias dans un avenir proche afin qu\u2019ils jouent plus efficacement leur r\u00f4le ,et surtout contribuent [&hellip;]<\/p>\n","protected":false},"author":1816,"featured_media":0,"comment_status":"closed","ping_status":"closed","sticky":false,"template":"","format":"standard","meta":{"fifu_image_url":"","fifu_image_alt":"","footnotes":""},"categories":[73,81],"tags":[],"class_list":["post-40283","post","type-post","status-publish","format-standard","hentry","category-actualite","category-burkina-faso"],"_links":{"self":[{"href":"https:\/\/linitiative.ca\/International\/wp-json\/wp\/v2\/posts\/40283","targetHints":{"allow":["GET"]}}],"collection":[{"href":"https:\/\/linitiative.ca\/International\/wp-json\/wp\/v2\/posts"}],"about":[{"href":"https:\/\/linitiative.ca\/International\/wp-json\/wp\/v2\/types\/post"}],"author":[{"embeddable":true,"href":"https:\/\/linitiative.ca\/International\/wp-json\/wp\/v2\/users\/1816"}],"replies":[{"embeddable":true,"href":"https:\/\/linitiative.ca\/International\/wp-json\/wp\/v2\/comments?post=40283"}],"version-history":[{"count":0,"href":"https:\/\/linitiative.ca\/International\/wp-json\/wp\/v2\/posts\/40283\/revisions"}],"wp:attachment":[{"href":"https:\/\/linitiative.ca\/International\/wp-json\/wp\/v2\/media?parent=40283"}],"wp:term":[{"taxonomy":"category","embeddable":true,"href":"https:\/\/linitiative.ca\/International\/wp-json\/wp\/v2\/categories?post=40283"},{"taxonomy":"post_tag","embeddable":true,"href":"https:\/\/linitiative.ca\/International\/wp-json\/wp\/v2\/tags?post=40283"}],"curies":[{"name":"wp","href":"https:\/\/api.w.org\/{rel}","templated":true}]}}