{"id":40302,"date":"2019-06-12T15:50:02","date_gmt":"2019-06-12T19:50:02","guid":{"rendered":"https:\/\/linitiative.ca\/International\/le-proces-historique-des-separatistes-catalans-sacheve-en-espagne\/"},"modified":"2019-06-12T15:50:02","modified_gmt":"2019-06-12T19:50:02","slug":"le-proces-historique-des-separatistes-catalans-sacheve-en-espagne","status":"publish","type":"post","link":"https:\/\/linitiative.ca\/International\/le-proces-historique-des-separatistes-catalans-sacheve-en-espagne\/","title":{"rendered":"Le proc\u00e8s historique des s\u00e9paratistes catalans s\u2019ach\u00e8ve en Espagne"},"content":{"rendered":"<div readability=\"32\">\n<p>Publi\u00e9 le 12.06.2019 \u00e0 20h50 par AFP<\/p>\n<\/div>\n<div readability=\"150\">\n<p>Apr\u00e8s quatre mois d\u2019audiences, le proc\u00e8s historique de douze ind\u00e9pendantistes catalans pour leur r\u00f4le dans la tentative de s\u00e9cession de 2017 s\u2019est achev\u00e9 mercredi en Espagne o\u00f9 le tribunal rendra d\u2019ici plusieurs mois sa d\u00e9cision ultra-sensible politiquement.<\/p>\n<p>Anciens membres du gouvernement catalan, ex-pr\u00e9sidente du parlement r\u00e9gional ou dirigeants d\u2019associations ind\u00e9pendantistes, ces s\u00e9paratistes ont \u00e9t\u00e9 jug\u00e9s pour avoir organis\u00e9 le 1er octobre 2017 un r\u00e9f\u00e9rendum d\u2019autod\u00e9termination, interdit par la justice et \u00e9maill\u00e9 de violences polici\u00e8res, suivi le 27 du m\u00eame mois d\u2019une vaine d\u00e9claration d\u2019ind\u00e9pendance vot\u00e9e par le parlement catalan.<\/p>\n<p>Neuf d\u2019entre eux sont en d\u00e9tention provisoire depuis plus d\u2019un an.<\/p>\n<p>Des centaines de t\u00e9moins \u2013 dont l\u2019ancien chef du gouvernement Mariano Rajoy \u2013 auront \u00e9t\u00e9 entendus par la Cour supr\u00eame, plus haute instance judiciaire espagnole, dont le jugement est attendu \u00e0 l\u2019automne et ne pourra pas faire l\u2019objet d\u2019un appel.<\/p>\n<p>Les accus\u00e9s ont d\u00e9j\u00e0 pr\u00e9vu de saisir la Cour europ\u00e9enne des droits de l\u2019homme.<\/p>\n<p>L\u2019ex-vice-pr\u00e9sident catalan , incarc\u00e9r\u00e9 depuis novembre 2017, \u00e9tait le principal accus\u00e9 en l\u2019absence de l\u2019ancien pr\u00e9sident r\u00e9gional, , qui a fui en Belgique o\u00f9 il \u00e9chappe aux poursuites. Il encourt 25 ans de prison.<\/p>\n<p>\u00ab\u00a0Voter (\u2026) et d\u00e9fendre la r\u00e9publique depuis un parlement ne peut pas constituer un d\u00e9lit\u00a0\u00bb, a-t-il d\u00e9clar\u00e9 avant que le proc\u00e8s ne s\u2019ach\u00e8ve. \u00ab\u00a0Le mieux pour tout le monde, pour la Catalogne, pour l\u2019Espagne, pour l\u2019Europe, est de ramener la question sur le terrain politique\u00a0\u00bb, a-t-il ajout\u00e9, en appelant au \u00ab\u00a0dialogue\u00a0\u00bb pour r\u00e9soudre la crise catalane.<\/p>\n<p>\u00ab\u00a0Croyez-vous que les Catalans vont arr\u00eater de lutter pour leur droit \u00e0 l\u2019autod\u00e9termination \u00e0 cause d\u2019une d\u00e9cision de justice ? Je suis convaincu que non\u00a0\u00bb, a lanc\u00e9 un autre accus\u00e9, Jordi Cuixart.<\/p>\n<p>\u2013 \u2018D\u00e9sob\u00e9issance massive\u2019 \u2013<\/p>\n<p>\u00ab\u00a0Nous le ferons de nouveau\u00a0\u00bb, a d\u00e9clar\u00e9 pour sa part devant la presse le pr\u00e9sident catalan Quim Torra en r\u00e9f\u00e9rence \u00e0 la tentative de s\u00e9cession.<\/p>\n<p>A Barcelone, plusieurs milliers d\u2019ind\u00e9pendantistes ont manifest\u00e9 dans la soir\u00e9e en solidarit\u00e9 avec ceux qu\u2019ils qualifient de \u00ab\u00a0prisonniers politiques\u00a0\u00bb. \u00ab\u00a0Quand la condamnation interviendra, nous devrons pratiquer une d\u00e9sob\u00e9issance civile massive\u00a0\u00bb, a d\u00e9clar\u00e9 Silvia Macia, une manifestante.<\/p>\n<p>La justice et le gouvernement espagnols n\u2019ont cess\u00e9 pour leur part de marteler durant le proc\u00e8s que les accus\u00e9s n\u2019\u00e9taient pas jug\u00e9s pour leurs id\u00e9es mais pour avoir enfreint la loi.<\/p>\n<p>Condition indispensable du d\u00e9lit de r\u00e9bellion, dont sont accus\u00e9s neuf des douze ind\u00e9pendantistes, l\u2019existence ou non d\u2019un soul\u00e8vement violent aura \u00e9t\u00e9 la question centrale de ce proc\u00e8s. Le parquet n\u2019a pas h\u00e9sit\u00e9 \u00e0 qualifier les \u00e9v\u00e8nements de 2017 de \u00ab\u00a0coup d\u2019Etat\u00a0\u00bb.<\/p>\n<p>Les juristes sont en revanche divis\u00e9s sur le sujet tandis que la d\u00e9fense a balay\u00e9 l\u2019accusation de r\u00e9bellion, affirmant que la violence \u00e9tait venue quasi-exclusivement de la police le jour du r\u00e9f\u00e9rendum.<\/p>\n<p>Pour les avocats des s\u00e9paratistes, ils ont \u00e9t\u00e9 coupables, dans le pire des cas, de d\u00e9sob\u00e9issance, d\u00e9lit sanctionn\u00e9 d\u2019une simple peine d\u2019in\u00e9ligibilit\u00e9.<\/p>\n<p>\u2013 Centre du d\u00e9bat politique \u2013<\/p>\n<p>Les points de vue diam\u00e9tralement oppos\u00e9s des deux parties refl\u00e8tent le d\u00e9bat tout aussi polaris\u00e9 hors de la Cour supr\u00eame.<\/p>\n<p>Plus d\u2019un an et demi apr\u00e8s la tentative de s\u00e9cession, la Catalogne est toujours gouvern\u00e9e par les ind\u00e9pendantistes et profond\u00e9ment divis\u00e9e, tandis que la question catalane reste au centre du d\u00e9bat politique national.<\/p>\n<p>Le socialiste Pedro Sanchez, chef du gouvernement espagnol qui a entam\u00e9 des tractations avec les partis pour \u00eatre reconduit au pouvoir, cherche \u00e0 se passer du soutien des s\u00e9paratistes catalans.<\/p>\n<p>Ceux-ci lui ont rendu la vie impossible depuis le d\u00e9but du proc\u00e8s, pr\u00e9cipitant notamment la convocation de l\u00e9gislatives anticip\u00e9es en avril en refusant d\u2019approuver le budget de l\u2019Etat.<\/p>\n<p>Pour l\u2019analyste politique Josep Ramoneda, dans ce contexte, \u00ab\u00a0il est assez hypoth\u00e9tique que les gouvernements espagnol et catalan puissent se mettre \u00e0 dialoguer\u00a0\u00bb, les s\u00e9paratistes persistant \u00e0 r\u00e9clamer un r\u00e9f\u00e9rendum d\u2019autod\u00e9termination dont Madrid ne veut pas entendre parler.<\/p>\n<p>Et \u00ab\u00a0quelle qu\u2019elle soit, la sentence sera interpr\u00e9t\u00e9e par le mouvement ind\u00e9pendantiste comme un \u00e9l\u00e9ment auquel s\u2019accrocher pour tenter de mobiliser \u00e0 nouveau\u00a0\u00bb, estime Oriol Bartomeus, professeur de sciences politiques \u00e0 l\u2019Universit\u00e9 autonome de Barcelone.<\/p>\n<\/div>\n<p>Auteur: AFP<br \/>\n<a href=\"https:\/\/www.journalducameroun.com\/le-proces-historique-des-separatistes-catalans-sacheve-en-espagne\/\">Cliquez ici pour lire l&rsquo;article depuis sa source.<\/a><\/p>\n","protected":false},"excerpt":{"rendered":"<p>Publi\u00e9 le 12.06.2019 \u00e0 20h50 par AFP Apr\u00e8s quatre mois d\u2019audiences, le proc\u00e8s historique de douze ind\u00e9pendantistes catalans pour leur r\u00f4le dans la tentative de s\u00e9cession de 2017 s\u2019est achev\u00e9 mercredi en Espagne o\u00f9 le tribunal rendra d\u2019ici plusieurs mois sa d\u00e9cision ultra-sensible politiquement. Anciens membres du gouvernement catalan, ex-pr\u00e9sidente du parlement r\u00e9gional ou dirigeants [&hellip;]<\/p>\n","protected":false},"author":1965,"featured_media":0,"comment_status":"closed","ping_status":"closed","sticky":false,"template":"","format":"standard","meta":{"fifu_image_url":"","fifu_image_alt":"","footnotes":""},"categories":[73,82],"tags":[],"class_list":["post-40302","post","type-post","status-publish","format-standard","hentry","category-actualite","category-cameroun"],"_links":{"self":[{"href":"https:\/\/linitiative.ca\/International\/wp-json\/wp\/v2\/posts\/40302","targetHints":{"allow":["GET"]}}],"collection":[{"href":"https:\/\/linitiative.ca\/International\/wp-json\/wp\/v2\/posts"}],"about":[{"href":"https:\/\/linitiative.ca\/International\/wp-json\/wp\/v2\/types\/post"}],"author":[{"embeddable":true,"href":"https:\/\/linitiative.ca\/International\/wp-json\/wp\/v2\/users\/1965"}],"replies":[{"embeddable":true,"href":"https:\/\/linitiative.ca\/International\/wp-json\/wp\/v2\/comments?post=40302"}],"version-history":[{"count":0,"href":"https:\/\/linitiative.ca\/International\/wp-json\/wp\/v2\/posts\/40302\/revisions"}],"wp:attachment":[{"href":"https:\/\/linitiative.ca\/International\/wp-json\/wp\/v2\/media?parent=40302"}],"wp:term":[{"taxonomy":"category","embeddable":true,"href":"https:\/\/linitiative.ca\/International\/wp-json\/wp\/v2\/categories?post=40302"},{"taxonomy":"post_tag","embeddable":true,"href":"https:\/\/linitiative.ca\/International\/wp-json\/wp\/v2\/tags?post=40302"}],"curies":[{"name":"wp","href":"https:\/\/api.w.org\/{rel}","templated":true}]}}