{"id":40323,"date":"2019-06-12T04:01:14","date_gmt":"2019-06-12T08:01:14","guid":{"rendered":"https:\/\/linitiative.ca\/International\/barrage-hydroelectrique-memveele-confie-a-edc\/"},"modified":"2019-06-12T04:01:14","modified_gmt":"2019-06-12T08:01:14","slug":"barrage-hydroelectrique-memveele-confie-a-edc","status":"publish","type":"post","link":"https:\/\/linitiative.ca\/International\/barrage-hydroelectrique-memveele-confie-a-edc\/","title":{"rendered":"Barrage hydro\u00e9lectrique: Memve\u2019Ele confi\u00e9 \u00e0 EDC"},"content":{"rendered":"<div class=\"featured-area featured-area-inner\"><img loading=\"lazy\" decoding=\"async\" width=\"780\" height=\"405\" src=\"https:\/\/i2.wp.com\/ecomatin.net\/wp-content\/uploads\/2019\/06\/ecomatin.net-barrage-hydroelectrique-memveele-confie-a-edc-memveele-2019.jpg?resize=780%2C405&#038;ssl=1&#038;is-pending-load=1\" class=\"attachment-jannah-image-post size-jannah-image-post wp-post-image jetpack-lazy-image\" alt=\"\" data-attachment-id=\"8902\" data-permalink=\"https:\/\/ecomatin.net\/barrage-hydroelectrique-memveele-confie-a-edc\/memveele-2019\/\" data-orig-file=\"https:\/\/i2.wp.com\/ecomatin.net\/wp-content\/uploads\/2019\/06\/ecomatin.net-barrage-hydroelectrique-memveele-confie-a-edc-memveele-2019.jpg?fit=960%2C540&#038;ssl=1\" data-orig-size=\"960,540\" data-comments-opened=\"0\" data-image-meta=\"{\"aperture\":\"0\",\"credit\":\"\",\"camera\":\"\",\"caption\":\"\",\"created_timestamp\":\"0\",\"copyright\":\"\",\"focal_length\":\"0\",\"iso\":\"0\",\"shutter_speed\":\"0\",\"title\":\"\",\"orientation\":\"0\"}\" data-image-title=\"Memve&rsquo;ele 2019\" data-image-description=\"\" data-medium-file=\"https:\/\/i2.wp.com\/ecomatin.net\/wp-content\/uploads\/2019\/06\/ecomatin.net-barrage-hydroelectrique-memveele-confie-a-edc-memveele-2019.jpg?fit=300%2C169&#038;ssl=1\" data-large-file=\"https:\/\/i2.wp.com\/ecomatin.net\/wp-content\/uploads\/2019\/06\/ecomatin.net-barrage-hydroelectrique-memveele-confie-a-edc-memveele-2019.jpg?fit=960%2C540&#038;ssl=1\" srcset=\"data:image\/gif;base64,R0lGODlhAQABAIAAAAAAAP\/\/\/yH5BAEAAAAALAAAAAABAAEAAAIBRAA7\"\/><\/div>\n<div class=\"entry-content entry clearfix\" readability=\"64.3283181085\">\n<p>L\u2019<strong>Unit\u00e9 op\u00e9rationnelle de l\u2019am\u00e9nagement hydro\u00e9lectrique de Memve\u2019ele<\/strong> est donc appel\u00e9e \u00e0 dispara\u00eetre. La gestion de ce barrage reviendra d\u00e9sormais \u00e0 la soci\u00e9t\u00e9 de patrimoine <strong>Electricity Development Corporation<\/strong> (EDC). Un calendrier d\u2019insertion du projet Memve\u2019ele dans le patrimoine de EDC est m\u00eame d\u00e9j\u00e0\u00a0\u00a0\u00e9tabli. Dans une correspondance datant du 03 juin 2019 du ministre de l\u2019Eau et l\u2019Energie, <strong>Gaston Eloundouu Essomba<\/strong>, adress\u00e9e au directeur du projet Memve\u2019ele et dont <strong>Ecomation<\/strong> a obtenu copie, l\u2019on peut lire que\u00a0:\u00a0\u00ab\u00a0<em>Faisant suite aux conclusions de la s\u00e9ance de travail qui s\u2019est tenue le 31 mai dans les Services du Premier ministre relative \u00e0 l\u2019objet repris en marge, j\u2019ai l\u2019honneur de vous demander de bien vouloir vous faire repr\u00e9senter par vos collaborateurs ayant une parfaite ma\u00eetrise du dossier, aux concertations qui se tiendront pour la p\u00e9riode allant du 10 au 14 juin 2019 \u00e0 15h00, dans la salle de r\u00e9union de mon cabinet sise au 4<sup>\u00e8me<\/sup>\u00a0\u00e9tage de l\u2019immeuble minist\u00e9riel, en vue de l\u2019\u00e9laboration de la note de cadrage m\u00e9thodologique assortie d\u2019un plan d\u2019action pour l\u2019insertion du projet Memve\u2019ele dans le patrimoine de la soci\u00e9t\u00e9 EDC<\/em>\u00bb.<\/p>\n<hr\/>\n<h4><strong>>> Lire aussi \u2013 <a title=\"Electricit\u00e9: le barrage de Memve\u2019ele injecte 85 MW sur le r\u00e9seau d\u2019Eneo\" href=\"https:\/\/ecomatin.net\/electricite-le-barrage-de-memveele-injecte-85-mw-sur-le-reseau-deneo\/\" target=\"_blank\" rel=\"noopener noreferrer\">Electricit\u00e9: le barrage de Memve\u2019ele injecte 85 MW sur le r\u00e9seau d\u2019Eneo<\/a><br \/><\/strong><\/h4>\n<hr\/>\n<p>Cette correspondance du <strong>Minee<\/strong> donne \u00e9galement un calendrier pr\u00e9cis des activit\u00e9s li\u00e9es \u00e0 ce processus d\u2019insertion. Ainsi, le lundi 10 juin 2019 sera consacr\u00e9 \u00e0 l\u2019\u00e9laboration de la m\u00e9thodologie de travail\u00a0; le mardi 11 juin 2019\u00a0 \u00e0 l\u2019appropriation des actes juridiques et institutionnels (textes portant cr\u00e9ation de la Cellule op\u00e9rationnelle, contrats, convention de financement et de pr\u00eat)\u00a0; le mercredi 12 juin 2019\u00a0\u00e0\u00a0\u00a0l\u2019appropriation des aspects techniques (ouvrages r\u00e9alis\u00e9s, en cours de construction et en cours d\u2019exploitation, op\u00e9ration de r\u00e9ception technique et administrative de l\u2019am\u00e9nagement)\u00a0; le jeudi 13 juin 2019, \u00e0\u00a0\u00a0l\u2019appropriation des aspects financiers et comptables (dettes, patrimoine, passif et actif du projet). Tandis que le vendredi 14 juin 2019\u00a0est r\u00e9serv\u00e9 \u00e0\u00a0\u00a0l\u2019appropriation des aspects environnementaux et sociaux, gestion des cons\u00e9quences sociales (contrat de travail des employ\u00e9s de l\u2019Unit\u00e9 op\u00e9rationnelle). Le Minee conclut en demandant au directeur du projet Memve\u2019ele de se \u00ab<em>munir de toute la documentation aff\u00e9rente \u00e0 cette op\u00e9ration, pour exploitation, ainsi que des \u00e9l\u00e9ments de contribution relatifs aux points susmentionn\u00e9s\u00a0<\/em>\u00bb.<\/p>\n<hr\/>\n<h4><strong>>> Lire aussi \u2013 <a title=\"Hydro\u00e9lectricit\u00e9 : Gaston Eloundou Essomba et le pi\u00e8ge de Memve\u2019ele\" href=\"https:\/\/ecomatin.net\/hydroelectricite-gaston-eloundou-essomba-et-le-piege-de-memveele\/\" target=\"_blank\" rel=\"noopener noreferrer\">Hydro\u00e9lectricit\u00e9 : Gaston Eloundou Essomba et le pi\u00e8ge de Memve\u2019ele<\/a><br \/><\/strong><\/h4>\n<hr\/>\n<p>Cette absorption intervient au moment o\u00f9 \u00e0 l\u2019Unit\u00e9 op\u00e9rationnelle de l\u2019am\u00e9nagement hydro\u00e9lectrique de Memve\u2019ele, au-del\u00e0 de la livraison de cette infrastructure hydro\u00e9lectrique, l\u2019on envisageait d\u00e9j\u00e0 la phase Memve\u2019ele II avec la construction annonc\u00e9e d\u2019un barrage de retenue. Cette insertion dans le portefeuille d\u2019EDC pose \u00e9galement le probl\u00e8me du sort qui sera r\u00e9serv\u00e9 aux employ\u00e9s de l\u2019Unit\u00e9 op\u00e9rationnelle de Memve\u2019ele, ceux-ci seront-ils revers\u00e9s \u00e0 EDC, ce qui n\u2019est pas garanti au regard des effets actuels d\u2019EDC, et surtout <a href=\"https:\/\/ecomatin.net\/climat-social-a-edc-aux-sources-du-divorce-entre-theodore-nsangou-et-le-personnel\/\">des difficult\u00e9s \u00e0 assurer le paiement r\u00e9gulier des salaires que connait actuellement cette soci\u00e9t\u00e9<\/a>. A la diff\u00e9rence d\u2019<strong>Hydro-Mekin<\/strong> qui g\u00e8re l\u2019\u00e9lectricit\u00e9 produite par le barrage de Mekin, l\u2019Unit\u00e9 op\u00e9rationnelle de Memve\u2019ele ne b\u00e9n\u00e9ficiera donc pas des m\u00eames dispositions. Toute chose qui \u00e9tait pour le moins souhait\u00e9e par ses responsables<\/p>\n<div class=\"about-author about-author-box container-wrapper\">\n<div class=\"author-avatar\">\n<p><img decoding=\"async\" src=\"http:\/\/\" alt=\"\"\/><\/p>\n<\/div>\n<p><h4>La R\u00e9daction EcoMatin<\/h4>\n<\/p>\n<\/div>\n<div class=\"awac-wrapper awac widget blog_subscription-2\">\n<h4 class=\"widget-title\">Abonnez-vous \u00e0 notre lettre d&rsquo;information<\/h4>\n<\/div>\n<\/div>\n<div class=\"toggle-post-content clearfix\"><a id=\"toggle-post-button\" class=\"button\" href=\"#\">Afficher plus <\/a><\/div>\n<p>Auteur: EcoMatin<br \/>\n<a href=\"https:\/\/ecomatin.net\/barrage-hydroelectrique-memveele-confie-a-edc\/\">Cliquez ici pour lire l&rsquo;article depuis sa source.<\/a><\/p>\n","protected":false},"excerpt":{"rendered":"<p>L\u2019Unit\u00e9 op\u00e9rationnelle de l\u2019am\u00e9nagement hydro\u00e9lectrique de Memve\u2019ele est donc appel\u00e9e \u00e0 dispara\u00eetre. La gestion de ce barrage reviendra d\u00e9sormais \u00e0 la soci\u00e9t\u00e9 de patrimoine Electricity Development Corporation (EDC). Un calendrier d\u2019insertion du projet Memve\u2019ele dans le patrimoine de EDC est m\u00eame d\u00e9j\u00e0\u00a0\u00a0\u00e9tabli. Dans une correspondance datant du 03 juin 2019 du ministre de l\u2019Eau et [&hellip;]<\/p>\n","protected":false},"author":1969,"featured_media":0,"comment_status":"closed","ping_status":"closed","sticky":false,"template":"","format":"standard","meta":{"fifu_image_url":"","fifu_image_alt":"","footnotes":""},"categories":[82,78],"tags":[],"class_list":["post-40323","post","type-post","status-publish","format-standard","hentry","category-cameroun","category-economie"],"_links":{"self":[{"href":"https:\/\/linitiative.ca\/International\/wp-json\/wp\/v2\/posts\/40323","targetHints":{"allow":["GET"]}}],"collection":[{"href":"https:\/\/linitiative.ca\/International\/wp-json\/wp\/v2\/posts"}],"about":[{"href":"https:\/\/linitiative.ca\/International\/wp-json\/wp\/v2\/types\/post"}],"author":[{"embeddable":true,"href":"https:\/\/linitiative.ca\/International\/wp-json\/wp\/v2\/users\/1969"}],"replies":[{"embeddable":true,"href":"https:\/\/linitiative.ca\/International\/wp-json\/wp\/v2\/comments?post=40323"}],"version-history":[{"count":0,"href":"https:\/\/linitiative.ca\/International\/wp-json\/wp\/v2\/posts\/40323\/revisions"}],"wp:attachment":[{"href":"https:\/\/linitiative.ca\/International\/wp-json\/wp\/v2\/media?parent=40323"}],"wp:term":[{"taxonomy":"category","embeddable":true,"href":"https:\/\/linitiative.ca\/International\/wp-json\/wp\/v2\/categories?post=40323"},{"taxonomy":"post_tag","embeddable":true,"href":"https:\/\/linitiative.ca\/International\/wp-json\/wp\/v2\/tags?post=40323"}],"curies":[{"name":"wp","href":"https:\/\/api.w.org\/{rel}","templated":true}]}}