{"id":40326,"date":"2019-06-12T12:32:05","date_gmt":"2019-06-12T16:32:05","guid":{"rendered":"https:\/\/linitiative.ca\/International\/environnement-nestle-cameroun-et-le-groupe-sabc-contre-la-pollution-marine\/"},"modified":"2019-06-12T12:32:05","modified_gmt":"2019-06-12T16:32:05","slug":"environnement-nestle-cameroun-et-le-groupe-sabc-contre-la-pollution-marine","status":"publish","type":"post","link":"https:\/\/linitiative.ca\/International\/environnement-nestle-cameroun-et-le-groupe-sabc-contre-la-pollution-marine\/","title":{"rendered":"Environnement : Nestl\u00e9 Cameroun et le Groupe SABC contre la pollution marine"},"content":{"rendered":"<p>Le \u00ab<em>Comptoir Colonial<\/em>\u00bb, lieu bien connu des populations de Douala pour ses espaces de distraction en bordure du fleuve Wouri, a connu une ambiance particuli\u00e8re ce 7 juin 2019. Dans le cadre des activit\u00e9s des Journ\u00e9es mondiales de l\u2019Environnement et de l\u2019Oc\u00e9an, c\u00e9l\u00e9br\u00e9es respectivement les 5 et 8 juin 2019, les entreprises <strong>Nestl\u00e9 Cameroun<\/strong> et <strong>Sabc<\/strong> (Soci\u00e9t\u00e9 Anonyme des Brasseries du Cameroun), ont effectu\u00e9 conjointement une op\u00e9ration de nettoyage des berges du fleuve Wouri envahit par divers d\u00e9chets, dont ceux en plastique. Inscrite dans le cadre du\u00a0programme \u00ab <strong>Nestl\u00e9 Cares<\/strong> \u00bb, un programme global de volontariat de l\u2019entreprise Nestl\u00e9, \u00e0 travers lequel les employ\u00e9s s\u2019engagent volontairement \u00e0 apporter gratuitement leur soutien \u00e0 une cause qui a un impact concret sur la qualit\u00e9 de vie des communaut\u00e9s, l\u2019op\u00e9ration avait pour objectif, d\u2019apr\u00e8s <strong>Robert HELOU<\/strong>, Administrateur g\u00e9n\u00e9ral de Nestl\u00e9 Cameroun, de \u00ab <em>sensibiliser et \u00e9duquer les populations et les parties prenantes, aux enjeux de la protection de l\u2019environnement et des oc\u00e9ans par la lutte contre la pollution par le plastique et la pollution de mani\u00e8re g\u00e9n\u00e9rale<\/em>.\u00bb<\/p>\n<p>Les effets n\u00e9fastes provoqu\u00e9s \u00a0par les d\u00e9chets plastiques pr\u00e9occupent en effet. Un r\u00e9cent rapport rendu public, mars 2019, par le\u00a0\u00a0WWF, le Fonds mondial pour la nature, intitul\u00e9 \u00ab <em>pollution plastique : \u00e0 qui la faute ?<\/em> \u00bb tire la sonnette d\u2019alarme. D\u2019apr\u00e8s ce rapport, \u00a0la production mondiale des d\u00e9chets plastiques pourrait augmenter de <strong>41%<\/strong> d\u2019ici 2030. Il indique par ailleurs que la quantit\u00e9 des d\u00e9chets plastiques accumul\u00e9e dans les oc\u00e9ans pourrait doubler d\u2019ici 2030 et atteindre <strong>300 millions de tonnes<\/strong>. Le Cameroun en g\u00e9n\u00e9ral et la ville de Douala, capitale \u00e9conomique et porte d\u2019entr\u00e9e du Cameroun sont principalement concern\u00e9s. D\u2019o\u00f9 l\u2019urgence d\u2019agir, pense-t-on \u00e0 Nestl\u00e9 Cameroun. Mais en partenariat avec la Sabc, l\u2019une des entreprises productrices de la mati\u00e8re plastique \u00e0 travers les eaux min\u00e9rales \u00ab<strong>Source Tangui<\/strong>\u00bb et \u00ab<strong>Eau Vitale<\/strong>\u00bb.<\/p>\n<p>L\u2019Administrateur g\u00e9n\u00e9ral de Nestl\u00e9 Cameroun ajoute:\u00a0\u00ab <em>Cette action s\u2019inscrit dans le cadre de l\u2019engagement global de Nestl\u00e9 \u00e0 rendre 100% de ses emballages recyclables ou r\u00e9utilisables d\u2019ici 2025 avec un accent particulier sur la pr\u00e9vention des d\u00e9chets plastiques. Elle d\u00e9montre clairement la volont\u00e9 de Nestl\u00e9 Cameroun de continuer \u00e0 jouer son r\u00f4le, en tant qu\u2019acteur de premier plan dans la lutte contre la pollution par le plastique et la pollution de mani\u00e8re g\u00e9n\u00e9rale par le volontariat. Le programme \u00ab Nestl\u00e9 Cares \u00bb nous permettra de concr\u00e9tiser nos engagements pour les individus et les familles, les communaut\u00e9s et la plan\u00e8te et, de continuer de remplir la principale mission de Nestl\u00e9 qui est d\u2019am\u00e9liorer la qualit\u00e9 de vie et contribuer \u00e0 un avenir plus sain.<\/em> \u00bb<\/p>\n<p>Pour <strong>Emmanuel DE TAILLY<\/strong>, Directeur G\u00e9n\u00e9ral de la SABC \u00ab <em>le march\u00e9 de l\u2019eau embouteill\u00e9e et des boissons gazeuses repr\u00e9sente plusieurs \u00a0dizaines \u00a0de \u00a0millions \u00a0de \u00a0bouteilles \u00a0en \u00a0plastique \u00a0vendues \u00a0par \u00a0an. \u00a0Ces \u00a0bouteilles \u00a0vides \u00a0constituent \u00a0une \u00a0source \u00a0non n\u00e9gligeable de pollution. Et parce que nous luttons contre la pollution, parce que le bien-\u00eatre des populations nous pr\u00e9occupe, nous nous sommes associ\u00e9s pleinement \u00e0 OCEAN Day<\/em>. \u00bb Les deux entreprises envisagent par cons\u00e9quent trouver \u00ab<em>des solutions durables et efficaces \u00e0 cette situation<\/em>.\u00bb<\/p>\n<p>La c\u00e9l\u00e9bration des Journ\u00e9es mondiale de l\u2019Environnement et de l\u2019Oc\u00e9an \u00a0par Nestl\u00e9 Cameroun et la Sabc s\u2019est d\u00e9roul\u00e9e en partenariat \u00a0avec la D\u00e9l\u00e9gation R\u00e9gionale du Minist\u00e8re de l\u2019Environnement, de la protection de la nature et du d\u00e9veloppement durable pour le Littoral, <strong>HYSACAM<\/strong> et <strong>NAM\u00e9 Recycling<\/strong>,<\/p>\n<div class=\"about-author about-author-box container-wrapper\">\n<div class=\"author-avatar\">\n<p><img decoding=\"async\" src=\"http:\/\/\" alt=\"\"\/><\/p>\n<\/div>\n<p><h4>La R\u00e9daction EcoMatin<\/h4>\n<\/p>\n<\/div>\n<div class=\"awac-wrapper awac widget blog_subscription-2\">\n<h4 class=\"widget-title\">Abonnez-vous \u00e0 notre lettre d&rsquo;information<\/h4>\n<\/div>\n<p>Auteur: EcoMatin<br \/>\n<a href=\"https:\/\/ecomatin.net\/environnement-nestle-cameroun-et-le-groupe-sabc-contre-la-pollution-marine\/\">Cliquez ici pour lire l&rsquo;article depuis sa source.<\/a><\/p>\n","protected":false},"excerpt":{"rendered":"<p>Le \u00abComptoir Colonial\u00bb, lieu bien connu des populations de Douala pour ses espaces de distraction en bordure du fleuve Wouri, a connu une ambiance particuli\u00e8re ce 7 juin 2019. Dans le cadre des activit\u00e9s des Journ\u00e9es mondiales de l\u2019Environnement et de l\u2019Oc\u00e9an, c\u00e9l\u00e9br\u00e9es respectivement les 5 et 8 juin 2019, les entreprises Nestl\u00e9 Cameroun et [&hellip;]<\/p>\n","protected":false},"author":1969,"featured_media":0,"comment_status":"closed","ping_status":"closed","sticky":false,"template":"","format":"standard","meta":{"fifu_image_url":"","fifu_image_alt":"","footnotes":""},"categories":[82,78],"tags":[],"class_list":["post-40326","post","type-post","status-publish","format-standard","hentry","category-cameroun","category-economie"],"_links":{"self":[{"href":"https:\/\/linitiative.ca\/International\/wp-json\/wp\/v2\/posts\/40326","targetHints":{"allow":["GET"]}}],"collection":[{"href":"https:\/\/linitiative.ca\/International\/wp-json\/wp\/v2\/posts"}],"about":[{"href":"https:\/\/linitiative.ca\/International\/wp-json\/wp\/v2\/types\/post"}],"author":[{"embeddable":true,"href":"https:\/\/linitiative.ca\/International\/wp-json\/wp\/v2\/users\/1969"}],"replies":[{"embeddable":true,"href":"https:\/\/linitiative.ca\/International\/wp-json\/wp\/v2\/comments?post=40326"}],"version-history":[{"count":0,"href":"https:\/\/linitiative.ca\/International\/wp-json\/wp\/v2\/posts\/40326\/revisions"}],"wp:attachment":[{"href":"https:\/\/linitiative.ca\/International\/wp-json\/wp\/v2\/media?parent=40326"}],"wp:term":[{"taxonomy":"category","embeddable":true,"href":"https:\/\/linitiative.ca\/International\/wp-json\/wp\/v2\/categories?post=40326"},{"taxonomy":"post_tag","embeddable":true,"href":"https:\/\/linitiative.ca\/International\/wp-json\/wp\/v2\/tags?post=40326"}],"curies":[{"name":"wp","href":"https:\/\/api.w.org\/{rel}","templated":true}]}}