{"id":40327,"date":"2019-06-13T06:22:14","date_gmt":"2019-06-13T10:22:14","guid":{"rendered":"https:\/\/linitiative.ca\/International\/tourisme-sportif-dakhla-capitale-mondiale-du-padel\/"},"modified":"2019-06-13T06:22:14","modified_gmt":"2019-06-13T10:22:14","slug":"tourisme-sportif-dakhla-capitale-mondiale-du-padel","status":"publish","type":"post","link":"https:\/\/linitiative.ca\/International\/tourisme-sportif-dakhla-capitale-mondiale-du-padel\/","title":{"rendered":"Tourisme sportif : Dakhla capitale mondiale du padel"},"content":{"rendered":"<p><img decoding=\"async\" class=\"post_layout_5_img\" src=\"http:\/\/aujourdhui.ma\/wp-content\/uploads\/2019\/06\/Coupe-Darkhla.jpg?x29840\" alt=\"Tourisme sportif : Dakhla capitale mondiale du padel\"\/><\/p>\n<p class=\"p2\"><span class=\"s1 c4\"><strong>Peu r\u00e9pandu au Maroc, le padel est en train de se frayer son petit bonhomme de chemin. Et la Coupe intercontinentale de cette discipline qui sera organis\u00e9e \u00e0 Dakhla du 15 au 18 novembre 2019 ne fera que l\u2019enraciner davantage.<\/strong><\/span> <span id=\"more-312800\"\/><\/p>\n<p class=\"p2\"><span class=\"s1\">C\u2019est lors d\u2019une conf\u00e9rence de presse tenue mardi \u00e0 Casablanca que l\u2019annonce a \u00e9t\u00e9 faite. A l\u2019origine de cet \u00e9v\u00e9nement aux dimensions internationales se trouve<span class=\"Apple-converted-space\">\u00a0<\/span> la volont\u00e9 de passionn\u00e9s, notamment Claude Baigts, co-fondateur de l\u2019Open de France de padel et la Coupe d\u2019Europe des clubs de padel, et Samir Hajije, pr\u00e9sident du Cercle Averro\u00e8s.<\/span><\/p>\n<p class=\"p2\"><span class=\"s1\">Ensemble, ils ont pu conclure une convention entre le conseil de la re\u0301gion de Dakhla-Oued Eddahab, l\u2019Association Nord Sud Action, l\u2019Association europe\u0301enne des clubs de padel et le Cercle Averroe\u0300s, pour l\u2019organisation de la Coupe intercontinentale de padel a\u0300 Dakhla.<\/span><\/p>\n<p class=\"p2\"><span class=\"s1\">Le Maroc deviendra ainsi une terre incontournable du padel mondial. Non seulement des clubs verront le jour, mais le Maroc va surtout proposer la premie\u0300re e\u0301dition de cette Coupe sur la place Hassan II. Une aubaine pour le Royaume et particulie\u0300rement pour la re\u0301gion de Dakhla, tant sur le plan e\u0301conomique que touristique, d\u2019abriter ce genre d\u2019e\u0301ve\u0300nement qui attire l\u2019attention de plusieurs me\u0301dias internationaux.<\/span><\/p>\n<p class=\"p2\"><span class=\"s1\">Une compe\u0301tition internationale qui va re\u0301unir les 5 continents, 16 clubs de padel (Argentine, Espagne, Br\u00e9sil, Mexique, France, Monaco, S\u00e9n\u00e9gal, Tunisie, Maroc, Danemark, Belgique et Italie) et plus de 200 personnes incluant les joueurs, les marques et les journalistes, sans oublier les fans et les supporteurs qui se de\u0301placeront pour soutenir leurs e\u0301quipes.<\/span><\/p>\n<p><a href=\"http:\/\/aujourdhui.ma\/wp-content\/uploads\/2019\/06\/Dakhla-Padel-Club.jpg?x29840\"><img loading=\"lazy\" decoding=\"async\" class=\"size-full wp-image-312806 aligncenter\" src=\"http:\/\/aujourdhui.ma\/wp-content\/uploads\/2019\/06\/Dakhla-Padel-Club.jpg?x29840\" alt=\"\" width=\"746\" height=\"380\" srcset=\"http:\/\/aujourdhui.ma\/wp-content\/uploads\/2019\/06\/Dakhla-Padel-Club.jpg 746w, http:\/\/aujourdhui.ma\/wp-content\/uploads\/2019\/06\/Dakhla-Padel-Club-300x153.jpg 300w\" sizes=\"auto, (max-width: 746px) 100vw, 746px\"\/><\/a><\/p>\n<p class=\"p2\"><span class=\"s1\">Le Maroc a\u0300 travers la Re\u0301gion Dakhla-Oued Eddahab souhaite faire de son pays un acteur important du padel international et a donc choisi la premie\u0300re e\u0301dition de la Coupe intercontinentale pour se lancer dans le grand bain.<\/span><\/p>\n<p class=\"p2\"><span class=\"s1\">L\u2019infrastructure r\u00e9pondra aux exigences et normes internationales en vigueur. Un club de padel d\u2019une superficie de 2 hectares et compose\u0301 de 5 terrains sera construit a\u0300 Dakhla.<\/span><\/p>\n<p class=\"p2\"><span class=\"s1\">Omar El Alaoui El Balrhiti, pre\u0301sident de l\u2019association Nord Sud Action et l\u2019un des artisans fondateurs de cette compe\u0301tition, explique que la ville de Dakhla se dotera du premier complexe de padel en Afrique de 5 terrains aux normes internationales, ce club va leur permettre de s\u2019approprier non seulement l\u2019organisation de la Coupe intercontinentale de padel mais aussi la Coupe d\u2019Afrique a\u0300 partir de l\u2019anne\u0301e 2020 et e\u0301galement initier et faire adhe\u0301rer la jeunesse locale a\u0300 ce sport en plein essor, une autre activite\u0301 sportive mondiale qui s\u2019ajoute aux sports de glisse.<\/span><\/p>\n<p class=\"p2\"><span class=\"s1\">Par ailleurs, les organisateurs de cet \u00e9v\u00e9nement n\u2019ont pas cach\u00e9 leur volont\u00e9 de cr\u00e9er une f\u00e9d\u00e9ration marocaine de padel. Ev\u00e9nement aidant, ce projet en cours d\u2019\u00e9tude finira certainement par prendre forme tr\u00e8s prochainement.<\/span><\/p>\n<p>Auteur: ALM<br \/>\n<a href=\"http:\/\/aujourdhui.ma\/sports\/tourisme-sportif-dakhla-capitale-mondiale-du-padel-2\">Cliquez ici pour lire l&rsquo;article depuis sa source.<\/a><\/p>\n","protected":false},"excerpt":{"rendered":"<p>Peu r\u00e9pandu au Maroc, le padel est en train de se frayer son petit bonhomme de chemin. Et la Coupe intercontinentale de cette discipline qui sera organis\u00e9e \u00e0 Dakhla du 15 au 18 novembre 2019 ne fera que l\u2019enraciner davantage. C\u2019est lors d\u2019une conf\u00e9rence de presse tenue mardi \u00e0 Casablanca que l\u2019annonce a \u00e9t\u00e9 faite. [&hellip;]<\/p>\n","protected":false},"author":1759,"featured_media":0,"comment_status":"closed","ping_status":"closed","sticky":false,"template":"","format":"standard","meta":{"fifu_image_url":"","fifu_image_alt":"","footnotes":""},"categories":[73,54],"tags":[],"class_list":["post-40327","post","type-post","status-publish","format-standard","hentry","category-actualite","category-maroc"],"_links":{"self":[{"href":"https:\/\/linitiative.ca\/International\/wp-json\/wp\/v2\/posts\/40327","targetHints":{"allow":["GET"]}}],"collection":[{"href":"https:\/\/linitiative.ca\/International\/wp-json\/wp\/v2\/posts"}],"about":[{"href":"https:\/\/linitiative.ca\/International\/wp-json\/wp\/v2\/types\/post"}],"author":[{"embeddable":true,"href":"https:\/\/linitiative.ca\/International\/wp-json\/wp\/v2\/users\/1759"}],"replies":[{"embeddable":true,"href":"https:\/\/linitiative.ca\/International\/wp-json\/wp\/v2\/comments?post=40327"}],"version-history":[{"count":0,"href":"https:\/\/linitiative.ca\/International\/wp-json\/wp\/v2\/posts\/40327\/revisions"}],"wp:attachment":[{"href":"https:\/\/linitiative.ca\/International\/wp-json\/wp\/v2\/media?parent=40327"}],"wp:term":[{"taxonomy":"category","embeddable":true,"href":"https:\/\/linitiative.ca\/International\/wp-json\/wp\/v2\/categories?post=40327"},{"taxonomy":"post_tag","embeddable":true,"href":"https:\/\/linitiative.ca\/International\/wp-json\/wp\/v2\/tags?post=40327"}],"curies":[{"name":"wp","href":"https:\/\/api.w.org\/{rel}","templated":true}]}}