{"id":40328,"date":"2019-06-13T07:00:20","date_gmt":"2019-06-13T11:00:20","guid":{"rendered":"https:\/\/linitiative.ca\/International\/ram-une-base-aerienne-de-400-000-sieges-a-laayoune\/"},"modified":"2019-06-13T07:00:20","modified_gmt":"2019-06-13T11:00:20","slug":"ram-une-base-aerienne-de-400-000-sieges-a-laayoune","status":"publish","type":"post","link":"https:\/\/linitiative.ca\/International\/ram-une-base-aerienne-de-400-000-sieges-a-laayoune\/","title":{"rendered":"RAM : Une base a\u00e9rienne de 400.000 si\u00e8ges  \u00e0 La\u00e2youne"},"content":{"rendered":"<p><img decoding=\"async\" class=\"post_layout_5_img\" src=\"http:\/\/aujourdhui.ma\/wp-content\/uploads\/2019\/06\/RAM-Royal-air-Maroc.jpg?x29840\" alt=\"RAM : Une base a\u00e9rienne de 400.000 si\u00e8ges \u00e0 La\u00e2youne\"\/><\/p>\n<p class=\"p1\"><span class=\"c4\"><strong><em>Des prix \u00e0 partir de 300 DH l\u2019aller simple<\/em><\/strong><\/span><span id=\"more-312783\"\/><\/p>\n<div class=\"base-box mom_box_sc_custom mom_box_sc clear c5\" readability=\"15\">\n<p class=\"p1\"><strong><em>La mise en place de cette base a\u00e9rienne r\u00e9gionale intervient suite \u00e0 la conclusion d\u2019une convention de partenariat entre le Conseil de la r\u00e9gion de La\u00e2youne-Sakia El Hamra et Royal Air Maroc. Ainsi, les clients b\u00e9n\u00e9ficieront d\u2019un programme de six liaisons reliant La\u00e2youne \u00e0 Agadir, Dakhla, Marrakech, Smara, Guelmim et Las Palmas.<\/em><\/strong><\/p>\n<\/div>\n<p class=\"p1\">Royal Air Maroc (RAM) a inaugur\u00e9 officiellement mardi sa nouvelle base a\u00e9rienne \u00e0 La\u00e2youne par laquelle la compagnie proposera 7 lignes et 38 fr\u00e9quences par semaine sur son hub r\u00e9gional de La\u00e2youne, offrant ainsi \u00e0 celle-ci un outil fondamental de 400 mile si\u00e8ges au service du d\u00e9senclavement de ce territoire.<\/p>\n<p class=\"p1\">La mise en place de cette base a\u00e9rienne r\u00e9gionale intervient suite \u00e0 la conclusion d\u2019une convention de partenariat entre le Conseil de la r\u00e9gion de La\u00e2youne-Sakia El Hamra et Royal Air Maroc. Ainsi, les clients b\u00e9n\u00e9ficieront d\u2019un programme de six liaisons reliant La\u00e2youne \u00e0 Agadir, Dakhla, Marrakech, Smara, Guelmim et Las Palmas. Au total, le programme comprend 13 fr\u00e9quences par semaine dont 10 vers les villes d\u2019Agadir, Dakhla, Marrakech, Smara et Guelmim \u00e0 raison de deux fr\u00e9quences par semaine pour chacune des routes a\u00e9riennes domestiques. Ce programme est renforc\u00e9 par une liaison de trois fr\u00e9quences par semaine entre La\u00e2youne et Las Palmas (Iles Canaries).<\/p>\n<p class=\"p1\">Ces nouvelles routes a\u00e9riennes renforcent ainsi l\u2019offre existante de la compagnie nationale sur son hub r\u00e9gional, reliant La\u00e2youne \u00e0 Casablanca (14 fr\u00e9quences par semaine), \u00e0 Agadir (4 fr\u00e9quences par semaine), \u00e0 Dakhla (4 fr\u00e9quences par semaine) et \u00e0 Las Palmas (3 fr\u00e9quences par semaine). L\u2019offre existante est \u00e9galement propos\u00e9e \u00e0 des tarifs fixes et accessibles qui varient entre 300 et 700 DH l\u2019aller simple. Royal Air Maroc porte ainsi le nombre des routes a\u00e9riennes op\u00e9r\u00e9es sur La\u00e2youne \u00e0 7 lignes \u00e0 raison de 38 fr\u00e9quences par semaine.<\/p>\n<p class=\"p1\">Selon Mohamed Sajid, ministre du tourisme, du transport a\u00e9rien, de l\u2019artisanat et de l\u2019\u00e9conomie, <em>\u00abla RAM pour la premi\u00e8re fois installe un avion bas\u00e9 ici \u00e0 La\u00e2youne qui va permettre d\u2019effectuer des liaisons hebdomadaires int\u00e9rieures et<span class=\"Apple-converted-space\">\u00a0<\/span> ext\u00e9rieures avec Las Palmas. C\u2019est un outil extraordinaire qui est mis \u00e0 la disposition de cette r\u00e9gion et un projet qui se fait en partenariat avec les autorit\u00e9s locales et la r\u00e9gion. C\u2019est une base a\u00e9rienne qui va permettre vraiment de contribuer au d\u00e9veloppement de cette r\u00e9gion sur tous les plans. Cette base va renforcer le programme de mise \u00e0 niveau qui a \u00e9t\u00e9 inaugur\u00e9 ici par Sa Majest\u00e9 le Roi\u00bb.<\/em><\/p>\n<p class=\"p1\">Pour Zouhair Mohamed El Aoufir, directeur g\u00e9n\u00e9ral de l\u2019Office national des a\u00e9roports (ONDA), <em>\u00abce r\u00e9seau en \u00e9toile permettra de desservir l\u2019a\u00e9roport de La\u00e2youne vers plusieurs destinations, et pour nous c\u2019est tr\u00e8s important car de mani\u00e8re structurelle on met en place une croissance au niveau du trafic a\u00e9rien dans l\u2019a\u00e9roport et dans la r\u00e9gion, et c\u2019est une croissance qui est durable. Bien s\u00fbr l\u2019ONDA est extr\u00eamement positif et appr\u00e9cie ce genre de partenariat avec la r\u00e9gion et la RAM, ce qui permettra d\u2019avoir un impact tr\u00e8s positif sur le trafic a\u00e9rien et sur l\u2019augmentation de l\u2019offre sur les provinces du Sud\u00bb.<\/em><\/p>\n<p class=\"p1\">De son c\u00f4t\u00e9, le pr\u00e9sident du Conseil de la r\u00e9gion de La\u00e2youne-Sakia El Hamra, Sidi Hamdi Ould Errachid, a indiqu\u00e9 que <em>\u00able Conseil de la r\u00e9gion accorde une grande importance au transport a\u00e9rien qui constitue un pilier de base d\u2019abord pour accompagner les grands chantiers de d\u00e9veloppement initi\u00e9s par Sa Majest\u00e9 le Roi Mohammed VI, ensuite pour participer \u00e0 l\u2019am\u00e9lioration du climat d\u2019affaires et enfin pour proposer des offres de transport r\u00e9gional diversifi\u00e9es afin de garantir une connexion fluide de la r\u00e9gion \u00e0 son environnement national et international.<\/em><\/p>\n<p class=\"p1\"><em>C\u2019est pourquoi nous nous f\u00e9licitons de la r\u00e9alisation de cette convention exemplaire permettant la mise en place d\u2019une base a\u00e9rienne r\u00e9gionale et nous remercions toutes les parties qui ont contribu\u00e9 \u00e0 la r\u00e9ussite de ce projet vital qui a toujours \u00e9t\u00e9 une revendication prioritaire des habitants de la r\u00e9gion\u00bb.<\/em><span class=\"Apple-converted-space\">\u00a0<\/span> Par ailleurs, le r\u00e9seau domestique de Royal Air Maroc se renforce gr\u00e2ce \u00e0 cette base a\u00e9rienne en int\u00e9grant trois nouvelles lignes, en l\u2019occurrence La\u00e2youne-Marrakech, La\u00e2youne-Smara et La\u00e2youne-Guelmim. Le r\u00e9seau domestique passera ainsi \u00e0 28 destinations dont 11 relient directement des villes marocaines sans passer par le hub de Casablanca. La mise en place de cette base a\u00e9rienne r\u00e9gionale s\u2019inscrit dans le cadre de la politique de la RAM qui vise \u00e0 accompagner la strat\u00e9gie de r\u00e9gionalisation avanc\u00e9e du Royaume. Une politique qui s\u2018articule autour du renforcement des liaisons a\u00e9riennes domestiques afin de contribuer au d\u00e9senclavement des r\u00e9gions les plus \u00e9loign\u00e9es du pays et de stimuler le d\u00e9veloppement \u00e9conomique et touristique.<\/p>\n<p>Auteur: Mohamed Laabid<br \/>\n<a href=\"http:\/\/aujourdhui.ma\/economie\/ram-une-base-aerienne-de-400-000-sieges-a-laayoune\">Cliquez ici pour lire l&rsquo;article depuis sa source.<\/a><\/p>\n","protected":false},"excerpt":{"rendered":"<p>Des prix \u00e0 partir de 300 DH l\u2019aller simple La mise en place de cette base a\u00e9rienne r\u00e9gionale intervient suite \u00e0 la conclusion d\u2019une convention de partenariat entre le Conseil de la r\u00e9gion de La\u00e2youne-Sakia El Hamra et Royal Air Maroc. Ainsi, les clients b\u00e9n\u00e9ficieront d\u2019un programme de six liaisons reliant La\u00e2youne \u00e0 Agadir, Dakhla, [&hellip;]<\/p>\n","protected":false},"author":1759,"featured_media":0,"comment_status":"closed","ping_status":"closed","sticky":false,"template":"","format":"standard","meta":{"fifu_image_url":"","fifu_image_alt":"","footnotes":""},"categories":[73,54],"tags":[],"class_list":["post-40328","post","type-post","status-publish","format-standard","hentry","category-actualite","category-maroc"],"_links":{"self":[{"href":"https:\/\/linitiative.ca\/International\/wp-json\/wp\/v2\/posts\/40328","targetHints":{"allow":["GET"]}}],"collection":[{"href":"https:\/\/linitiative.ca\/International\/wp-json\/wp\/v2\/posts"}],"about":[{"href":"https:\/\/linitiative.ca\/International\/wp-json\/wp\/v2\/types\/post"}],"author":[{"embeddable":true,"href":"https:\/\/linitiative.ca\/International\/wp-json\/wp\/v2\/users\/1759"}],"replies":[{"embeddable":true,"href":"https:\/\/linitiative.ca\/International\/wp-json\/wp\/v2\/comments?post=40328"}],"version-history":[{"count":0,"href":"https:\/\/linitiative.ca\/International\/wp-json\/wp\/v2\/posts\/40328\/revisions"}],"wp:attachment":[{"href":"https:\/\/linitiative.ca\/International\/wp-json\/wp\/v2\/media?parent=40328"}],"wp:term":[{"taxonomy":"category","embeddable":true,"href":"https:\/\/linitiative.ca\/International\/wp-json\/wp\/v2\/categories?post=40328"},{"taxonomy":"post_tag","embeddable":true,"href":"https:\/\/linitiative.ca\/International\/wp-json\/wp\/v2\/tags?post=40328"}],"curies":[{"name":"wp","href":"https:\/\/api.w.org\/{rel}","templated":true}]}}