{"id":40331,"date":"2019-06-13T07:22:32","date_gmt":"2019-06-13T11:22:32","guid":{"rendered":"https:\/\/linitiative.ca\/International\/festival-gnaoua-et-musiques-du-monde-dessaouira-hassan-hakmoun-et-majid-bekkas-se-produiront-le-21-juin-sur-la-scene-moulay-hassan\/"},"modified":"2019-06-13T07:22:32","modified_gmt":"2019-06-13T11:22:32","slug":"festival-gnaoua-et-musiques-du-monde-dessaouira-hassan-hakmoun-et-majid-bekkas-se-produiront-le-21-juin-sur-la-scene-moulay-hassan","status":"publish","type":"post","link":"https:\/\/linitiative.ca\/International\/festival-gnaoua-et-musiques-du-monde-dessaouira-hassan-hakmoun-et-majid-bekkas-se-produiront-le-21-juin-sur-la-scene-moulay-hassan\/","title":{"rendered":"Festival Gnaoua et musiques du monde d\u2019Essaouira : Hassan Hakmoun et Majid Bekkas se produiront  le 21 juin sur la sc\u00e8ne Moulay Hassan"},"content":{"rendered":"<p><img decoding=\"async\" class=\"post_layout_5_img\" src=\"http:\/\/aujourdhui.ma\/wp-content\/uploads\/2019\/06\/Festival-Gnaoua-Hassan-Hakmoun-et-Majid-Bekkas.jpg?x29840\" alt=\"Festival Gnaoua et musiques du monde d\u2019Essaouira : Hassan Hakmoun et Majid Bekkas se produiront le 21 juin sur la sc\u00e8ne Moulay Hassan\"\/><\/p>\n<p class=\"p1\"><span class=\"s1\"><span class=\"c4\"><strong>Chaque ann\u00e9e, le Festival Gnaoua et musiques du monde d\u2019Essaouira propose au public une large palette des expressions de l\u2019art tagnaouite.<\/strong><\/span><\/span><span id=\"more-312816\"\/><\/p>\n<p class=\"p1\"><span class=\"s1\">Pour cette 22\u00e8me \u00e9dition, pr\u00e9vue du 20 au 23 juin 2019, deux Ma\u00e2lems \u00e0 la carri\u00e8re internationale prendront part aux festivit\u00e9s. Il s\u2019agit de Majid Bekkas, multi-instrumentaliste et fervent acteur de la fusion gnaoua-jazz, et Hassan Hakmoun qui a franchi les oc\u00e9ans et a magistralement fait vivre cet art dans la foisonnante \u00e9nergie cr\u00e9atrice de New York.<span class=\"Apple-converted-space\">\u00a0<\/span> En effet, Majid Bekkas se produira le vendredi 21 juin, sur la sc\u00e8ne Moulay Hassan pour pr\u00e9senter le projet Afro Gnaoua Jazz Ensemble, fruit d\u2019une longue collaboration musicale et humaine, avec notamment l\u2019ambassadeur du balafon africain, le Malien Aly Keita.<\/span><\/p>\n<p class=\"p1\"><span class=\"s1\">Se joignent \u00e0 eux le bassiste Childo Thomas du Mozambique, qu\u2019on voit souvent aux c\u00f4t\u00e9x du pianiste cubain Omar Sosa, le saxophoniste et fl\u00fbtiste belge Manuel Hermia et le talentueux percussionniste marocain Amine el Bliha. Le tout sera swingu\u00e9 par les qarqabous de la famille Chaouki (Gnaoua de Rabat).<span class=\"Apple-converted-space\">\u00a0<\/span> Talentueux multi-instrumentiste, attach\u00e9 \u00e0 la tradition et en m\u00eame temps tr\u00e8s ouvert \u00e0 la rencontre d\u2019autres cultures musicales, Majid Bekkas est connu pour ses nombreuses collaborations avec les diff\u00e9rents grands jazzmen (Archie Shepp, Joachim Kuhn\u2026).<\/span><\/p>\n<p class=\"p1\"><span class=\"s1\">Ce brasseur des rythmes transporte les m\u00e9lomanes au c\u0153ur de la fusion de la musique traditionnelle gnaouie et du blues afro-am\u00e9ricain. Le m\u00eame soir, la magn\u00e9tique sc\u00e8ne Moulay Hassan offrira au public souiri une repr\u00e9sentation unique, con\u00e7ue pour le festival par le g\u00e9nial Hassan Hakmoun. Le Ma\u00e2lem de Brooklyn r\u00e9unira musiciens et danseurs de renom pour pr\u00e9senter le project The Universal Force alliant \u00e9nergie contemporaine de New York aux rythmes ancestraux de la tagnaouite.<\/span><\/p>\n<p class=\"p1\"><span class=\"s1\">Entour\u00e9 de Justin Purtill \u00e0 la guitare, Leonardo Genovese aux claviers, Matthew Kilmer aux percussions, Dean Johnston \u00e0 la batterie, Brahim Fribgane au oud et Chikako Iwahori au chant, percussion, claquettes et danse, Hassan Hakmoun donnera le meilleur de son exp\u00e9rience musicale en tant que gnaoui et en tant que musicien. Figure embl\u00e9matique de la tagnaouite moderne, Hassan Hakmoun est natif de Marrakech. Il s\u2019est envol\u00e9 pour New York afin de donner une nouvelle dimension \u00e0 son art, \u00e0 sa musique en int\u00e9grant le Lincoln Center \u00e0 New York City.<span class=\"Apple-converted-space\">\u00a0<\/span><\/span><\/p>\n<p class=\"p1\"><span class=\"s1\">Longtemps influenc\u00e9 par des musiciens comme Adam Rudolph et Don Cherry, il s\u2019inspire du jazz et le fusionne avec les sonorit\u00e9s du guembri. Il se permet d\u2019y rajouter des sons pop ou encore world music.<\/span><\/p>\n<p>Auteur: ALM<br \/>\n<a href=\"http:\/\/aujourdhui.ma\/culture\/musique\/festival-gnaoua-et-musiques-du-monde-dessaouira-hassan-hakmoun-et-majid-bekkas-se-produiront-le-21-juin-sur-la-scene-moulay-hassan\">Cliquez ici pour lire l&rsquo;article depuis sa source.<\/a><\/p>\n","protected":false},"excerpt":{"rendered":"<p>Chaque ann\u00e9e, le Festival Gnaoua et musiques du monde d\u2019Essaouira propose au public une large palette des expressions de l\u2019art tagnaouite. Pour cette 22\u00e8me \u00e9dition, pr\u00e9vue du 20 au 23 juin 2019, deux Ma\u00e2lems \u00e0 la carri\u00e8re internationale prendront part aux festivit\u00e9s. Il s\u2019agit de Majid Bekkas, multi-instrumentaliste et fervent acteur de la fusion gnaoua-jazz, [&hellip;]<\/p>\n","protected":false},"author":1759,"featured_media":0,"comment_status":"closed","ping_status":"closed","sticky":false,"template":"","format":"standard","meta":{"fifu_image_url":"","fifu_image_alt":"","footnotes":""},"categories":[73,54],"tags":[],"class_list":["post-40331","post","type-post","status-publish","format-standard","hentry","category-actualite","category-maroc"],"_links":{"self":[{"href":"https:\/\/linitiative.ca\/International\/wp-json\/wp\/v2\/posts\/40331","targetHints":{"allow":["GET"]}}],"collection":[{"href":"https:\/\/linitiative.ca\/International\/wp-json\/wp\/v2\/posts"}],"about":[{"href":"https:\/\/linitiative.ca\/International\/wp-json\/wp\/v2\/types\/post"}],"author":[{"embeddable":true,"href":"https:\/\/linitiative.ca\/International\/wp-json\/wp\/v2\/users\/1759"}],"replies":[{"embeddable":true,"href":"https:\/\/linitiative.ca\/International\/wp-json\/wp\/v2\/comments?post=40331"}],"version-history":[{"count":0,"href":"https:\/\/linitiative.ca\/International\/wp-json\/wp\/v2\/posts\/40331\/revisions"}],"wp:attachment":[{"href":"https:\/\/linitiative.ca\/International\/wp-json\/wp\/v2\/media?parent=40331"}],"wp:term":[{"taxonomy":"category","embeddable":true,"href":"https:\/\/linitiative.ca\/International\/wp-json\/wp\/v2\/categories?post=40331"},{"taxonomy":"post_tag","embeddable":true,"href":"https:\/\/linitiative.ca\/International\/wp-json\/wp\/v2\/tags?post=40331"}],"curies":[{"name":"wp","href":"https:\/\/api.w.org\/{rel}","templated":true}]}}