{"id":40332,"date":"2019-06-13T08:00:47","date_gmt":"2019-06-13T12:00:47","guid":{"rendered":"https:\/\/linitiative.ca\/International\/abdelhamid-addou-la-ram-en-tant-que-compagnie-citoyenne-contribue-au-desenclavement-de-la-region\/"},"modified":"2019-06-13T08:00:47","modified_gmt":"2019-06-13T12:00:47","slug":"abdelhamid-addou-la-ram-en-tant-que-compagnie-citoyenne-contribue-au-desenclavement-de-la-region","status":"publish","type":"post","link":"https:\/\/linitiative.ca\/International\/abdelhamid-addou-la-ram-en-tant-que-compagnie-citoyenne-contribue-au-desenclavement-de-la-region\/","title":{"rendered":"Abdelhamid Addou : \u00abLa RAM en tant que compagnie citoyenne contribue au d\u00e9senclavement de la r\u00e9gion\u00bb"},"content":{"rendered":"<p><img decoding=\"async\" class=\"post_layout_5_img\" src=\"http:\/\/aujourdhui.ma\/wp-content\/uploads\/2018\/11\/Abdelhamid-ADDOU-PDG-Royal-Air-Maroc-RAM.jpg?x29840\" alt=\"Abdelhamid Addou : \u00abLa RAM en tant que compagnie citoyenne contribue au d\u00e9senclavement de la r\u00e9gion\u00bb\"\/><\/p>\n<p class=\"p1\"><span class=\"c4\"><strong><span class=\"s1\"><em>Entretien avec<\/em> Abdelhamid Addou<em>, PDG de Royal Air Maroc<\/em><\/span><\/strong><\/span><span id=\"more-312785\"\/><\/p>\n<p class=\"p1\"><span class=\"s1\"><strong>ALM : Pourquoi le choix de La\u00e2youne pour lancer cette base a\u00e9rienne de la RAM ?<\/strong><\/span><\/p>\n<p class=\"p1\"><span class=\"s1\"><strong>Abdelhamid Addou:<\/strong> Cette base vient pour d\u00e9montrer tout ce partenariat que nous avons construit pendant des ann\u00e9es avec le Conseil de la r\u00e9gion. Toutes les conditions \u00e9taient r\u00e9unies pour que cette base puisse \u00eatre lanc\u00e9e. Nous avons aussi \u00e9valu\u00e9 le march\u00e9 qui reste int\u00e9ressant et qui vient suite \u00e0 l\u2019ouverture de diff\u00e9rentes lignes a\u00e9riennes entre Casablanca et La\u00e2youne, donc le march\u00e9 existe. En ouvrant cette nouvelle base nous allons connecter La\u00e2youne en plus de Casablanca \u00e0 Marrakech, Smara, Guelmim, Las Palmas, Agadir et Dakhla. Cela va nous permettre de doubler nos rotations a\u00e9riennes hebdomadaires tout en injectant des centaines de milliers de si\u00e8ges, donc c\u2019est un gros potentiel. La RAM en tant que compagnie citoyenne contribue au d\u00e9senclavement de la r\u00e9gion et contribue aussi \u00e0 la stimulation du tourisme domestique et national qui est un \u00e9l\u00e9ment important de notre strat\u00e9gie de d\u00e9veloppement au niveau national. Nous sommes extr\u00eamement confiants et nous pensons que c\u2019est juste une premi\u00e8re \u00e9tape. Cet avion bas\u00e9 \u00e0 La\u00e2youne n\u2019est qu\u2019un d\u00e9but pour plus d\u2019investissement car les potentialit\u00e9s sont l\u00e0.<\/span><\/p>\n<p class=\"p1\"><span class=\"s1\"><strong>Quels sont vos principaux partenaires dans ce projet ?<\/strong><\/span><\/p>\n<p class=\"p1\"><span class=\"s1\">Ce projet est le fruit d\u2019un partenariat entre le Conseil r\u00e9gional de La\u00e2youne-Sakia El Hamra et la RAM, pour un montant convenable qui nous permettra d\u2019\u00eatre vraiment \u00e0 l\u2019\u00e9quilibre et de construire l\u2019avenir qui reste notre principal objectif et non pas gagner de l\u2019argent. On veut \u00eatre efficaces et g\u00e9n\u00e9rer une \u00e9conomie et un march\u00e9. Et ensuite le reste suivra.<\/span><\/p>\n<p class=\"p1\"><span class=\"s1\"><strong>Quelles sont les retomb\u00e9es \u00e9conomiques attendues de cette base ?<\/strong><\/span><\/p>\n<p class=\"p1\"><span class=\"s1\">Nous avons inject\u00e9 400 mille si\u00e8ges, ce qui signifie beaucoup de tourisme, de transit et de trafic entre une ville et une autre et aussi rapprocher la population de La\u00e2youne des stations touristiques marocaines comme Agadir et surtout Marrakech. Aujourd\u2019hui il y a deux vols par semaine entre La\u00e2youne et Marrakech, ce qui va permettre \u00e0 nos concitoyens de la r\u00e9gion de La\u00e2youne-Sakia El Hamra d\u2019aller visiter cette ville et ses richesses, donc un d\u00e9veloppement automatique bien \u00e9videmment, mais \u00e9galement faciliter les investissements et l\u2019installation des entreprises dans la r\u00e9gion. La connectivit\u00e9 accompagne le d\u00e9veloppement \u00e9conomique et permet de le catalyser.<\/span><\/p>\n<p class=\"p1\"><span class=\"s1\"><strong>Est-ce que la RAM a d\u2019autres projets pour les provinces du Sud ?<\/strong><\/span><\/p>\n<p class=\"p1\"><span class=\"s1\">Il y aura d\u2019autres bases r\u00e9gionales dans diff\u00e9rentes r\u00e9gions. Nous sommes en train d\u2019\u00e9tudier les diff\u00e9rentes propositions. Celle-ci a \u00e9t\u00e9 la plus m\u00fbre.<\/span><\/p>\n<p class=\"p1\"><span class=\"s1\">Le Conseil r\u00e9gional de La\u00e2youne a \u00e9t\u00e9 le plus dynamique. Les liaisons a\u00e9riennes entre La\u00e2youne et Casablanca ont prouv\u00e9 que les choses vont tr\u00e8s bien. Donc nous \u00e9tions tr\u00e8s rassur\u00e9s \u00e0 l\u2019id\u00e9e de faire cet investissement et qu\u2019il apporterait ses fruits plus tard.<\/span><\/p>\n<p>Auteur: Mohamed Laabid<br \/>\n<a href=\"http:\/\/aujourdhui.ma\/economie\/abdelhamid-addou-la-ram-en-tant-que-compagnie-citoyenne-contribue-au-desenclavement-de-la-region\">Cliquez ici pour lire l&rsquo;article depuis sa source.<\/a><\/p>\n","protected":false},"excerpt":{"rendered":"<p>Entretien avec Abdelhamid Addou, PDG de Royal Air Maroc ALM : Pourquoi le choix de La\u00e2youne pour lancer cette base a\u00e9rienne de la RAM ? Abdelhamid Addou: Cette base vient pour d\u00e9montrer tout ce partenariat que nous avons construit pendant des ann\u00e9es avec le Conseil de la r\u00e9gion. Toutes les conditions \u00e9taient r\u00e9unies pour que [&hellip;]<\/p>\n","protected":false},"author":1759,"featured_media":0,"comment_status":"closed","ping_status":"closed","sticky":false,"template":"","format":"standard","meta":{"fifu_image_url":"","fifu_image_alt":"","footnotes":""},"categories":[73,54],"tags":[],"class_list":["post-40332","post","type-post","status-publish","format-standard","hentry","category-actualite","category-maroc"],"_links":{"self":[{"href":"https:\/\/linitiative.ca\/International\/wp-json\/wp\/v2\/posts\/40332","targetHints":{"allow":["GET"]}}],"collection":[{"href":"https:\/\/linitiative.ca\/International\/wp-json\/wp\/v2\/posts"}],"about":[{"href":"https:\/\/linitiative.ca\/International\/wp-json\/wp\/v2\/types\/post"}],"author":[{"embeddable":true,"href":"https:\/\/linitiative.ca\/International\/wp-json\/wp\/v2\/users\/1759"}],"replies":[{"embeddable":true,"href":"https:\/\/linitiative.ca\/International\/wp-json\/wp\/v2\/comments?post=40332"}],"version-history":[{"count":0,"href":"https:\/\/linitiative.ca\/International\/wp-json\/wp\/v2\/posts\/40332\/revisions"}],"wp:attachment":[{"href":"https:\/\/linitiative.ca\/International\/wp-json\/wp\/v2\/media?parent=40332"}],"wp:term":[{"taxonomy":"category","embeddable":true,"href":"https:\/\/linitiative.ca\/International\/wp-json\/wp\/v2\/categories?post=40332"},{"taxonomy":"post_tag","embeddable":true,"href":"https:\/\/linitiative.ca\/International\/wp-json\/wp\/v2\/tags?post=40332"}],"curies":[{"name":"wp","href":"https:\/\/api.w.org\/{rel}","templated":true}]}}