{"id":40333,"date":"2019-06-13T08:30:13","date_gmt":"2019-06-13T12:30:13","guid":{"rendered":"https:\/\/linitiative.ca\/International\/le-festival-maghrebin-du-film-a-oujda-pense-deja-a-sa-perennite\/"},"modified":"2019-06-13T08:30:13","modified_gmt":"2019-06-13T12:30:13","slug":"le-festival-maghrebin-du-film-a-oujda-pense-deja-a-sa-perennite","status":"publish","type":"post","link":"https:\/\/linitiative.ca\/International\/le-festival-maghrebin-du-film-a-oujda-pense-deja-a-sa-perennite\/","title":{"rendered":"Le Festival maghr\u00e9bin du film \u00e0 Oujda  pense d\u00e9j\u00e0 \u00e0 sa p\u00e9rennit\u00e9"},"content":{"rendered":"<p><img decoding=\"async\" class=\"post_layout_5_img\" src=\"http:\/\/aujourdhui.ma\/wp-content\/uploads\/2019\/06\/Festival-maghre%CC%81bin-du-film-a%CC%80-Oujda.jpg?x29840\" alt=\"Le Festival maghr\u00e9bin du film \u00e0 Oujda pense d\u00e9j\u00e0 \u00e0 sa p\u00e9rennit\u00e9\"\/><\/p>\n<p class=\"p1\"><span class=\"c4\"><strong>Le festival, qui a pour th\u00e8me \u00abLe Maghreb uni par son cin\u00e9ma\u00bb, sera garni par la projection de 18 films, 12 courts et 6 longs. Outre les prix qui seront attribu\u00e9s aux longs et courts-m\u00e9trages gagnants, le festival consacre le Prix Don Quichotte.<\/strong><\/span><span id=\"more-312817\"\/><\/p>\n<p class=\"p1\"><span class=\"s1\">Maintenant que le Festival maghr\u00e9bin du film \u00e0 Oujda est \u00e0 sa 8\u00e8me \u00e9dition, qui se tient, sous le Haut patronage de SM le Roi Mohammed VI, jusqu\u2019au 15 juin, il pense d\u00e9j\u00e0 \u00e0 sa p\u00e9rennit\u00e9. Un souhait exprim\u00e9, mardi soir, lors de la c\u00e9r\u00e9monie d\u2019ouverture de cette manifestation cin\u00e9matographique, par les cin\u00e9astes invit\u00e9s et tout intervenant \u00e0 l\u2019organisation de cet \u00e9v\u00e9nement destin\u00e9 \u00e9galement \u00e0 la promotion de l\u2019Oriental.<\/span><\/p>\n<p class=\"p3\"><span class=\"s1\"><strong>Appel \u00e0 investir les atouts\u00a0<\/strong><\/span><span class=\"s1\"><strong>de la r\u00e9gion<\/strong><\/span><\/p>\n<p class=\"p1\"><span class=\"s1\">Intervenant lors de cette ouverture, Mouaad Jamai, wali de la r\u00e9gion de l\u2019Oriental et gouverneur de la pr\u00e9fecture d\u2019Oujda-Angad, qui estime que ce festival est un \u00e9v\u00e9nement \u00abparticulier\u00bb puisqu\u2019il rassemble des artistes maghr\u00e9bins, ne manque pas de lancer un appel. <em>\u00abIl faut investir les atouts de l\u2019Oriental pour r\u00e9aliser des tournages et cr\u00e9er une industrie cin\u00e9matographique\u00bb,<\/em> pr\u00e9cise-t-il. D\u2019ailleurs l\u2019\u00e9v\u00e9nement s\u2019est ouvert par la projection d\u2019un documentaire \u00e9poustouflant sur la ville de Figuig. Le responsable, qui rappelle que la ville d\u2019Oujda \u00e9tait la capitale de la culture arabe tout au long de l\u2019an dernier, ne manque pas \u00e9galement de pointer du doigt la fermeture des salles de cin\u00e9ma dans cette ville. <em>\u00abLe cin\u00e9ma maghr\u00e9bin conna\u00eet un essor et a besoin de sponsoring\u00bb,<\/em> encha\u00eene-t-il. A propos de la 8\u00e8me \u00e9dition du<span class=\"Apple-converted-space\">\u00a0<\/span> festival, M. Jamai indique que ses organisateurs \u00abveillent d\u00e9j\u00e0 \u00e0 sa p\u00e9rennit\u00e9\u00bb. Un d\u00e9sir partag\u00e9 par la direction du festival.<\/span><\/p>\n<p class=\"p3\"><span class=\"s1\"><strong>Un \u00abr\u00eave\u00bb devenu\u00a0<\/strong><\/span><span class=\"s1\"><strong>r\u00e9alit\u00e9\u2026<\/strong><\/span><\/p>\n<p class=\"p1\"><span class=\"s1\">De son c\u00f4t\u00e9, Khalid Sli, directeur g\u00e9n\u00e9ral du festival et pr\u00e9sident de l\u2019association Cin\u00e9 Maghreb, initiatrice de cet \u00e9v\u00e9nement, qui s\u2019exprimait dans une langue po\u00e9tique, indique que l\u2019organisation de cette manifestation est un \u00abr\u00eave devenu r\u00e9alit\u00e9\u00bb. <em>\u00ab8 ans \u00e9taient suffisants pour que la ville soit une destination cin\u00e9matographique\u00bb,<\/em> exalte-t-il. L\u2019orateur, qui ne manque pas de louer les efforts du Souverain pour cette ville mill\u00e9naire, premier cercle d\u2019arts au Maroc, indique \u00e9galement que ce festival est fait <em>\u00abavec passion et patience\u00bb. \u00abApr\u00e8s quatre ans de travail, nous avons eu le patronage royal. Ce qui a donn\u00e9 une l\u00e9gitimit\u00e9 au festival dont le public contribue \u00e0 son succ\u00e8s\u00bb,<\/em> encha\u00eene M. Sli. Cette r\u00e9ussite se manifeste \u00e9galement par la qualit\u00e9 des artistes invit\u00e9s.<\/span><\/p>\n<p class=\"p3\"><span class=\"s1\"><strong>Des hommages appr\u00e9ci\u00e9s du public<\/strong><\/span><\/p>\n<p class=\"p1\"><span class=\"s2\">L\u2019ouverture de cet \u00e9v\u00e9nement, marqu\u00e9e \u00e9galement par la pr\u00e9sence de plusieurs personnalit\u00e9s dont le consul g\u00e9n\u00e9ral d\u2019Alg\u00e9rie au Maroc, s\u2019est de plus distingu\u00e9e par des hommages rendus \u00e0<span class=\"Apple-converted-space\">\u00a0<\/span> 4 artistes. Il s\u2019agit en premier lieu du cin\u00e9aste Rachid Bouchareb, fort acclam\u00e9 par le public et connu pour rassembler des artistes maghr\u00e9bins en une production. <em>\u00abJe suis content de revenir \u00e0 Oujda o\u00f9 j\u2019ai des souvenirs\u00bb<\/em>, s\u2019exprime-t-il lors de son hommage. L\u2019un des moments forts de cette ouverture est aussi l\u2019honneur fait \u00e0 la star \u00e9gyptienne Cherif Mounir tr\u00e8s applaudi par le public. <em>\u00abJe suis assez content d\u2019avoir un hommage. Je remercie \u00e9galement SM le Roi\u00bb,<\/em> exalte l\u2019acteur qui s\u2019exprime sur sa fiert\u00e9 du film \u00abOulad El Amm\u00bb (Les cousins) dans lequel il a particip\u00e9.<\/span><\/p>\n<p class=\"p1\"><span class=\"s2\">Il rappelle \u00e9galement sa participation au nouveau film \u00abAl Mamarr\u00bb (Le passage) projet\u00e9 actuellement au Caire avant de l\u2019\u00eatre prochainement au Maroc. Au public d\u2019Oujda, il adresse un message : <em>\u00abNous vous aimons !\u00bb.<\/em> A son tour, le r\u00e9alisateur marocain, Saad Chraibi, a eu droit \u00e0 un hommage marqu\u00e9 par des youyous. <em>\u00abMerci au public que j\u2019aime, aux organisateurs et \u00e0 ceux qui contribuent \u00e0 l\u2019\u00e9volution du cin\u00e9ma\u00bb,<\/em> avance le cin\u00e9aste.<\/span><\/p>\n<p class=\"p1\"><span class=\"s2\">De son c\u00f4t\u00e9, le r\u00e9alisateur Kamal Kamal, originaire de la ville, a \u00e9t\u00e9 honor\u00e9. Il a, \u00e0 son tour, exprim\u00e9 ses reconnaissances. <em>\u00abMerci \u00e0 tous ceux qui m\u2019ont enseign\u00e9, \u00e0 la ville qui \u00e9tait la seule dot\u00e9e de cinq cultures dont celle juive. La majorit\u00e9 des jeunes lisait dans cette ville qui a plein de musiciens. Ce<span class=\"Apple-converted-space\">\u00a0<\/span> produit culturel est perdu. Oujda peut produire en culture puisqu\u2019elle regorge d\u2019hommes de culture\u00bb,<\/em> pr\u00e9cise le r\u00e9alisateur \u00e9galement ovationn\u00e9 par le public. Quant au festival, qui a pour th\u00e8me <em>\u00abLe Maghreb uni par son cin\u00e9ma\u00bb,<\/em> il sera garni par la projection de 18 films, 12 courts et 6 longs. Outre les prix qui seront attribu\u00e9s aux longs et courts-m\u00e9trages gagnants, le festival consacre le Prix Don Quichotte. Pour rappel, le jury des longs-m\u00e9trages est pr\u00e9sid\u00e9 par le critique de cin\u00e9ma alg\u00e9rien, Ahmed Bejaoui.<\/span><\/p>\n<p class=\"p1\"><span class=\"s2\"><em>\u00abCe festival est l\u2019image du cin\u00e9ma maghr\u00e9bin. Nous<span class=\"Apple-converted-space\">\u00a0<\/span> sommes vraiment maghr\u00e9bins par cet \u00e9v\u00e9nement. J\u2019esp\u00e8re qu\u2019il perdurera\u00bb,<\/em> indique-t-il. Longue vie, donc, au festival !<\/span><\/p>\n<p><a href=\"http:\/\/aujourdhui.ma\/wp-content\/uploads\/2019\/06\/Festival-maghre%CC%81bin-du-film-a%CC%80-Oujda-.jpg?x29840\"><img loading=\"lazy\" decoding=\"async\" class=\"size-full wp-image-312818 aligncenter\" src=\"http:\/\/aujourdhui.ma\/wp-content\/uploads\/2019\/06\/Festival-maghre%CC%81bin-du-film-a%CC%80-Oujda-.jpg?x29840\" alt=\"\" width=\"477\" height=\"648\" srcset=\"http:\/\/aujourdhui.ma\/wp-content\/uploads\/2019\/06\/Festival-maghre\u0301bin-du-film-a\u0300-Oujda-.jpg 477w, http:\/\/aujourdhui.ma\/wp-content\/uploads\/2019\/06\/Festival-maghre\u0301bin-du-film-a\u0300-Oujda--221x300.jpg 221w\" sizes=\"auto, (max-width: 477px) 100vw, 477px\"\/><\/a><\/p>\n<p>Auteur: Salima Guisser<br \/>\n<a href=\"http:\/\/aujourdhui.ma\/culture\/cinema\/le-festival-maghrebin-du-film-a-oujda-pense-deja-a-sa-perennite\">Cliquez ici pour lire l&rsquo;article depuis sa source.<\/a><\/p>\n","protected":false},"excerpt":{"rendered":"<p>Le festival, qui a pour th\u00e8me \u00abLe Maghreb uni par son cin\u00e9ma\u00bb, sera garni par la projection de 18 films, 12 courts et 6 longs. Outre les prix qui seront attribu\u00e9s aux longs et courts-m\u00e9trages gagnants, le festival consacre le Prix Don Quichotte. Maintenant que le Festival maghr\u00e9bin du film \u00e0 Oujda est \u00e0 sa [&hellip;]<\/p>\n","protected":false},"author":1759,"featured_media":0,"comment_status":"closed","ping_status":"closed","sticky":false,"template":"","format":"standard","meta":{"fifu_image_url":"","fifu_image_alt":"","footnotes":""},"categories":[73,54],"tags":[],"class_list":["post-40333","post","type-post","status-publish","format-standard","hentry","category-actualite","category-maroc"],"_links":{"self":[{"href":"https:\/\/linitiative.ca\/International\/wp-json\/wp\/v2\/posts\/40333","targetHints":{"allow":["GET"]}}],"collection":[{"href":"https:\/\/linitiative.ca\/International\/wp-json\/wp\/v2\/posts"}],"about":[{"href":"https:\/\/linitiative.ca\/International\/wp-json\/wp\/v2\/types\/post"}],"author":[{"embeddable":true,"href":"https:\/\/linitiative.ca\/International\/wp-json\/wp\/v2\/users\/1759"}],"replies":[{"embeddable":true,"href":"https:\/\/linitiative.ca\/International\/wp-json\/wp\/v2\/comments?post=40333"}],"version-history":[{"count":0,"href":"https:\/\/linitiative.ca\/International\/wp-json\/wp\/v2\/posts\/40333\/revisions"}],"wp:attachment":[{"href":"https:\/\/linitiative.ca\/International\/wp-json\/wp\/v2\/media?parent=40333"}],"wp:term":[{"taxonomy":"category","embeddable":true,"href":"https:\/\/linitiative.ca\/International\/wp-json\/wp\/v2\/categories?post=40333"},{"taxonomy":"post_tag","embeddable":true,"href":"https:\/\/linitiative.ca\/International\/wp-json\/wp\/v2\/tags?post=40333"}],"curies":[{"name":"wp","href":"https:\/\/api.w.org\/{rel}","templated":true}]}}