{"id":40337,"date":"2019-06-13T05:55:59","date_gmt":"2019-06-13T09:55:59","guid":{"rendered":"https:\/\/linitiative.ca\/International\/bresil-lula-bientot-libre\/"},"modified":"2019-06-13T05:55:59","modified_gmt":"2019-06-13T09:55:59","slug":"bresil-lula-bientot-libre","status":"publish","type":"post","link":"https:\/\/linitiative.ca\/International\/bresil-lula-bientot-libre\/","title":{"rendered":"Br\u00e9sil: Lula bient\u00f4t libre ?"},"content":{"rendered":"<p class=\"c4\"><span class=\"c3\"><strong><span class=\"c2\">L<\/span>uiz Inacio Lula da Silva qui avait pr\u00e9sid\u00e9 aux destin\u00e9s du Br\u00e9sil de 2003 \u00e0 2010 et qui se trouve aujourd\u2019hui derri\u00e8re les barreaux serait-il, comme il l\u2019a toujours clam\u00e9, innocent des accusations port\u00e9es contre lui par le juge Sergio Moro, aujourd\u2019hui ministre de la Justice du pr\u00e9sident d\u2019extr\u00eame-droite Jair Bolsonaro ?<\/strong><\/span><\/p>\n<p class=\"c4\">Ces accusations n\u2019avaient-elles comme raison d\u2019\u00eatre que le seul souci de ses ennemis politiques de l\u2019emp\u00eacher de se porter candidat aux pr\u00e9sidentielles de 2018 ? C\u2019est dans ce sens, en tous cas, que semble se diriger les r\u00e9v\u00e9lations faites par le site d\u2019investigation \u00abThe Intercept\u00bb apr\u00e8s que celui-ci ait pris connaissance d\u2019une multitude de messages \u00e9chang\u00e9s, \u00e0 l\u2019\u00e9poque, entre certains procureurs et l\u2019actuel ministre de la Justice.<\/p>\n<p class=\"c4\">Pour rappel, en r\u00e9v\u00e9lant qu\u2019un grand nombre de responsables du Parti des Travailleurs \u00e9taient impliqu\u00e9s dans un vaste r\u00e9seau de corruption anim\u00e9 par le g\u00e9ant br\u00e9silien du p\u00e9trole Petrobras, l\u2019enqu\u00eate anti-corruption \u00abLava Jato\u00bb (Lavage express) avait fait tomber les deux anciens pr\u00e9sidents br\u00e9siliens Lula et Dilma Roussef. Or, aujourd\u2019hui, c\u2019est un autre scandale, encore plus grand, qui pourrait faire exploser la marmite br\u00e9silienne car sans m\u00eame d\u00e9montrer que Lula est innocent des accusations port\u00e9es contre lui, les \u00e9changes d\u00e9voil\u00e9s par \u00abThe Intercept\u00bb porteraient un s\u00e9rieux coup \u00e0 la solidit\u00e9 de l\u2019accusation qui a conduit, en Avril dernier, l\u2019ancien pr\u00e9sident derri\u00e8re les barreaux pour y purger une peine de huit ans et dix mois au moment m\u00eame o\u00f9 les sondages lui accordaient la victoire aux prochaines \u00e9lections pr\u00e9sidentielles.<\/p>\n<p class=\"c4\">Sergio Moro et les procureurs en charge du dossier \u00abLava jato\u00bb se seraient-ils d\u00e9partis de l\u2019impartialit\u00e9 qui leur \u00e9choit dans le seul but d\u2019emp\u00eacher Lula de briguer un nouveau mandat alors m\u00eame qu\u2019ils s\u2019\u00e9taient d\u00e9clar\u00e9s apolitiques et motiv\u00e9s par la seule lutte anti-corruption ? Quoiqu\u2019il en soit, avant m\u00eame que \u00abThe Intercept\u00bb n\u2019en fasse \u00e9tat, les abus des procureurs charg\u00e9s du dossier \u00abLava Jato\u00bb et du juge Moro contre Lula avaient toujours \u00e9t\u00e9 d\u00e9nonc\u00e9s par la d\u00e9fense de l\u2019ancien pr\u00e9sident. Aussi, en pointant du doigt la connivence de l\u2019ancien juge avec le parquet qu\u2019ils n\u2019ont eu de cesse de d\u00e9noncer, les avocats de l\u2019ancien pr\u00e9sident n\u2019ont pas manqu\u00e9 de rappeler que tous les proc\u00e8s intent\u00e9s contre leur client \u00e9taient entach\u00e9s d\u2019irr\u00e9gularit\u00e9 et r\u00e9clam\u00e9, ce lundi, son imm\u00e9diate remise en libert\u00e9.<\/p>\n<p class=\"c4\">Les r\u00e9v\u00e9lations faites par \u00abThe Intercept\u00bb ayant donc jet\u00e9 un doute certain sur l\u2019op\u00e9ration \u00abLava Jato\u00bb et notamment sur les accusations port\u00e9es contre Lula, la Cour Supr\u00eame du Br\u00e9sil a d\u00e9cid\u00e9, ce lundi 10 Juin 2019, de r\u00e9examiner\u00a0 la demande de lib\u00e9ration de l\u2019ex-pr\u00e9sident Luiz Inacio Lula da Silva; ce qui ne pourra que ternir davantage l\u2019image de son tombeur d\u00e9j\u00e0 \u00e9corn\u00e9e lorsqu\u2019il avait accept\u00e9, en Janvier dernier, le portefeuille du minist\u00e8re de la Justice dans le gouvernement d\u2019extr\u00eame-droite de Jair Bolsonaro.<\/p>\n<p class=\"c4\">La lib\u00e9ration de l\u2019ancien pr\u00e9sident \u00absocialiste\u00bb pourra-t-elle avoir lieu alors m\u00eame que le pays est dirig\u00e9e par un nostalgique de la dictature militaire ? Pour l\u2019heure rien ne permet d\u2019\u00e9carter cette \u00e9ventualit\u00e9, alors attendons pour voir\u2026<\/p>\n<p class=\"c5\"><strong>Nabil El Bousaadi<\/strong><\/p>\n<p>Auteur: rahal mehamed<br \/>\n<a href=\"http:\/\/albayane.press.ma\/bresil-lula-bientot-libre.html\">Cliquez ici pour lire l&rsquo;article depuis sa source.<\/a><\/p>\n","protected":false},"excerpt":{"rendered":"<p>Luiz Inacio Lula da Silva qui avait pr\u00e9sid\u00e9 aux destin\u00e9s du Br\u00e9sil de 2003 \u00e0 2010 et qui se trouve aujourd\u2019hui derri\u00e8re les barreaux serait-il, comme il l\u2019a toujours clam\u00e9, innocent des accusations port\u00e9es contre lui par le juge Sergio Moro, aujourd\u2019hui ministre de la Justice du pr\u00e9sident d\u2019extr\u00eame-droite Jair Bolsonaro ? Ces accusations n\u2019avaient-elles [&hellip;]<\/p>\n","protected":false},"author":1760,"featured_media":0,"comment_status":"closed","ping_status":"closed","sticky":false,"template":"","format":"standard","meta":{"fifu_image_url":"","fifu_image_alt":"","footnotes":""},"categories":[73,54],"tags":[],"class_list":["post-40337","post","type-post","status-publish","format-standard","hentry","category-actualite","category-maroc"],"_links":{"self":[{"href":"https:\/\/linitiative.ca\/International\/wp-json\/wp\/v2\/posts\/40337","targetHints":{"allow":["GET"]}}],"collection":[{"href":"https:\/\/linitiative.ca\/International\/wp-json\/wp\/v2\/posts"}],"about":[{"href":"https:\/\/linitiative.ca\/International\/wp-json\/wp\/v2\/types\/post"}],"author":[{"embeddable":true,"href":"https:\/\/linitiative.ca\/International\/wp-json\/wp\/v2\/users\/1760"}],"replies":[{"embeddable":true,"href":"https:\/\/linitiative.ca\/International\/wp-json\/wp\/v2\/comments?post=40337"}],"version-history":[{"count":0,"href":"https:\/\/linitiative.ca\/International\/wp-json\/wp\/v2\/posts\/40337\/revisions"}],"wp:attachment":[{"href":"https:\/\/linitiative.ca\/International\/wp-json\/wp\/v2\/media?parent=40337"}],"wp:term":[{"taxonomy":"category","embeddable":true,"href":"https:\/\/linitiative.ca\/International\/wp-json\/wp\/v2\/categories?post=40337"},{"taxonomy":"post_tag","embeddable":true,"href":"https:\/\/linitiative.ca\/International\/wp-json\/wp\/v2\/tags?post=40337"}],"curies":[{"name":"wp","href":"https:\/\/api.w.org\/{rel}","templated":true}]}}