{"id":40338,"date":"2019-06-13T06:09:25","date_gmt":"2019-06-13T10:09:25","guid":{"rendered":"https:\/\/linitiative.ca\/International\/la-var-revolution-dans-le-monde-du-football-ou-perturbation-du-plaisir-du-jeu\/"},"modified":"2019-06-13T06:09:25","modified_gmt":"2019-06-13T10:09:25","slug":"la-var-revolution-dans-le-monde-du-football-ou-perturbation-du-plaisir-du-jeu","status":"publish","type":"post","link":"https:\/\/linitiative.ca\/International\/la-var-revolution-dans-le-monde-du-football-ou-perturbation-du-plaisir-du-jeu\/","title":{"rendered":"La VAR, r\u00e9volution dans le monde du football ou perturbation du plaisir du jeu"},"content":{"rendered":"<p class=\"c4\"><span class=\"c3\"><strong><span class=\"c2\">L<\/span>a Conf\u00e9d\u00e9ration africaine de football (CAF), veut appliquer pour la premi\u00e8re fois, la technique d\u2019assistance vid\u00e9o \u00e0 l\u2019arbitrage (VAR) lors des phases finales de la Coupe d\u2019Afrique des Nations 2019, qui aura lieu en Egypte du 21 juin au 19 juillet.<\/strong><\/span><\/p>\n<p class=\"c4\">Cette nouvelle technologie apportera \u00ab\u00a0transparence\u00a0\u00bb et \u00ab\u00a0\u00e9galit\u00e9 des chances\u00a0\u00bb dans les matches au programme et contribuera \u00e0 \u00e9viter certaines fautes mortelles des arbitres qui ont souvent chang\u00e9 le cours et le r\u00e9sultat du jeu \u00e0 la d\u00e9faveur de quelques \u00e9quipes nationales et clubs locaux.<\/p>\n<p class=\"c4\">La technique de la VAR a \u00e9t\u00e9 exp\u00e9riment\u00e9e depuis 2016 lors de nombreux matches internationaux, notamment au niveau des ligues allemande et italienne de football, avant d\u2019\u00eatre utilis\u00e9e dans plusieurs comp\u00e9titions internationales et continentales dont la Coupe du monde en Russie en 2018, la coupe des conf\u00e9d\u00e9rations, la coupe du monde des clubs et les championnats locaux dans certains pays.<\/p>\n<p class=\"c4\">Avant la CAN 2019, la CAF avait d\u00e9cid\u00e9 d\u2019adopter la VAR lors des quarts de finale de la Coupe d\u2019Afrique des joueurs locaux au Maroc en 2018, puis en finale de la Ligue des champions (le WAC de Casablanca contre l\u2019Esp\u00e9rance de Tunis) et de la Coupe des Conf\u00e9d\u00e9rations (Renaissance sportive de Berkane contre le club \u00e9gyptien du Zamalek).<\/p>\n<p class=\"c4\">Le recours \u00e0 la VAR qui vise \u00e0 aider l\u2019arbitre \u00e0 \u00e9viter les erreurs d\u2019arbitrage et veiller \u00e0 garantir l\u2019\u00e9galit\u00e9 des chances entre les \u00e9quipes en comp\u00e9tition, suscite d\u00e9sormais beaucoup de controverse \u00e0 travers le monde entre partisans et opposants.<\/p>\n<p class=\"c4\">Selon les critiques, cette nouvelle technique prive le football de sa spontan\u00e9it\u00e9 et cr\u00e9e de la confusion pour le public, tout en mettant beaucoup d\u2019ambigu\u00eft\u00e9 dans le jeu, en particulier le retard dans la prise de d\u00e9cisions ou la perturbation de la comp\u00e9tition.<\/p>\n<p class=\"c4\">La FIFA et la CAF ont contrairement exprim\u00e9 leur optimisme quant aux r\u00e9sultats de cette technique qui, selon eux, contribuera \u00e0 garantir l\u2019\u00e9galit\u00e9 des chances dans les matches de football, en tant que technique positive \u00e0 m\u00eame d\u2019assurer davantage de transparence et d\u2019\u00e9viter aux arbitres de commettre de graves erreurs qui changent la physionomie et les r\u00e9sultats des matches.<\/p>\n<p class=\"c4\">Le pr\u00e9sident de la FIFA, Gianni Infantino avait soulign\u00e9, lors d\u2019une rencontre, que la technique de l\u2019assistance video \u00e0 l\u2019arbitrage (VAR) constitue un bon investissement dans le football moderne en d\u00e9pit des critiques, dans la mesure o\u00f9 elle permet de rectifier les d\u00e9cisions erron\u00e9es prises par les arbitres.<\/p>\n<p class=\"c4\">Cependant, la r\u00e9alit\u00e9 sur le terrain donne raison aux d\u00e9tracteurs de cette technique comme en t\u00e9moignent les \u00e9v\u00e9nements du match retour de la ligue des champions opposant l\u2019Esp\u00e9rance de Tunis et le Wydad de Casablanca, le 31 mai au stade olympique de rades et du match aller disput\u00e9 au complexe sportif Moulay Abdallah de Rabat. Les deux \u00e9v\u00e9nements interviennent \u00e0 quelques jours du d\u00e9but de la Coupe d\u2019Afrique des Nations de football.<\/p>\n<p class=\"c4\">Ainsi, \u00e0 l\u2019aller l\u2019arbitre \u00e9gyptien Jihad Gricha a annul\u00e9 \u00e0 la 46 minute, apr\u00e8s le recours \u00e0 la VAR, un but inscrit par le Wydad pour faute de main. L\u2019arbitre a \u00e9cop\u00e9 apr\u00e8s ce match de 6 mois de suspension pour son rendement m\u00e9diocre. Quelques jours apr\u00e8s, la finale retour s\u2019est arr\u00eat\u00e9e \u00e0 la 63 minute suite \u00e0 la demande du club Casablanca de recourir \u00e0 la VAR pour valider un but refus\u00e9 par l\u2019arbitre assistant avant de d\u00e9couvrir que le match se d\u00e9roulait sans l\u2019assistance video et ce, sans que le club marocain ne soit avis\u00e9.<\/p>\n<p class=\"c4\">En vue de faire r\u00e9ussir l\u2019exp\u00e9rimentation de la technique de la VAR lors des phases finales de la CAN et \u00e9viter la mascarade de rades, la Conf\u00e9d\u00e9ration africaine de football a organis\u00e9 un programme de formation intense au profit des arbitres retenus pour officier la CAN.<\/p>\n<p class=\"c4\">A cet effet, la Conf\u00e9d\u00e9ration a s\u00e9lectionn\u00e9 56 arbitres dont 27 arbitres centraux et 29 assistants. Ces derniers ont profit\u00e9, du 28 avril au 5 mai, d\u2019un stage de pr\u00e9paration \u00e0 Rabat.<\/p>\n<p class=\"c5\"><strong>Ahmed El Guermali<\/strong> (MAP)<\/p>\n<p>Auteur: rahal mehamed<br \/>\n<a href=\"http:\/\/albayane.press.ma\/la-var-revolution-dans-le-monde-du-football-ou-perturbation-du-plaisir-du-jeu.html\">Cliquez ici pour lire l&rsquo;article depuis sa source.<\/a><\/p>\n","protected":false},"excerpt":{"rendered":"<p>La Conf\u00e9d\u00e9ration africaine de football (CAF), veut appliquer pour la premi\u00e8re fois, la technique d\u2019assistance vid\u00e9o \u00e0 l\u2019arbitrage (VAR) lors des phases finales de la Coupe d\u2019Afrique des Nations 2019, qui aura lieu en Egypte du 21 juin au 19 juillet. Cette nouvelle technologie apportera \u00ab\u00a0transparence\u00a0\u00bb et \u00ab\u00a0\u00e9galit\u00e9 des chances\u00a0\u00bb dans les matches au programme [&hellip;]<\/p>\n","protected":false},"author":1760,"featured_media":0,"comment_status":"closed","ping_status":"closed","sticky":false,"template":"","format":"standard","meta":{"fifu_image_url":"","fifu_image_alt":"","footnotes":""},"categories":[73,54],"tags":[],"class_list":["post-40338","post","type-post","status-publish","format-standard","hentry","category-actualite","category-maroc"],"_links":{"self":[{"href":"https:\/\/linitiative.ca\/International\/wp-json\/wp\/v2\/posts\/40338","targetHints":{"allow":["GET"]}}],"collection":[{"href":"https:\/\/linitiative.ca\/International\/wp-json\/wp\/v2\/posts"}],"about":[{"href":"https:\/\/linitiative.ca\/International\/wp-json\/wp\/v2\/types\/post"}],"author":[{"embeddable":true,"href":"https:\/\/linitiative.ca\/International\/wp-json\/wp\/v2\/users\/1760"}],"replies":[{"embeddable":true,"href":"https:\/\/linitiative.ca\/International\/wp-json\/wp\/v2\/comments?post=40338"}],"version-history":[{"count":0,"href":"https:\/\/linitiative.ca\/International\/wp-json\/wp\/v2\/posts\/40338\/revisions"}],"wp:attachment":[{"href":"https:\/\/linitiative.ca\/International\/wp-json\/wp\/v2\/media?parent=40338"}],"wp:term":[{"taxonomy":"category","embeddable":true,"href":"https:\/\/linitiative.ca\/International\/wp-json\/wp\/v2\/categories?post=40338"},{"taxonomy":"post_tag","embeddable":true,"href":"https:\/\/linitiative.ca\/International\/wp-json\/wp\/v2\/tags?post=40338"}],"curies":[{"name":"wp","href":"https:\/\/api.w.org\/{rel}","templated":true}]}}