{"id":40339,"date":"2019-06-13T06:14:35","date_gmt":"2019-06-13T10:14:35","guid":{"rendered":"https:\/\/linitiative.ca\/International\/le-syndicat-marocain-des-artistes-plasticiens-professionnels-presente-son-bilan\/"},"modified":"2019-06-13T06:14:35","modified_gmt":"2019-06-13T10:14:35","slug":"le-syndicat-marocain-des-artistes-plasticiens-professionnels-presente-son-bilan","status":"publish","type":"post","link":"https:\/\/linitiative.ca\/International\/le-syndicat-marocain-des-artistes-plasticiens-professionnels-presente-son-bilan\/","title":{"rendered":"Le Syndicat marocain des artistes plasticiens professionnels pr\u00e9sente son bilan"},"content":{"rendered":"<p class=\"c4\"><span class=\"c3\"><strong><span class=\"c2\">C\u2019<\/span>est au hall du Th\u00e9\u00e2tre National Mohammed V que le Syndicat marocain des artistes plasticiens professionnels a organis\u00e9, mardi 11 juin, un point de presse pour pr\u00e9senter son bilan culturel et artistique de l\u2019ann\u00e9e en cours. Cette rencontre marqu\u00e9e par la pr\u00e9sence d\u2019une pl\u00e9iade d\u2019artistes, d\u2019acteurs culturels et de journalistes a \u00e9t\u00e9 une occasion pour r\u00e9v\u00e9ler\u00a0 la vision et les grandes lignes du programme et du plan d\u2019action du Syndicat.<\/strong><\/span><\/p>\n<p class=\"c4\">En effet, l\u2019ann\u00e9e culturelle et artistique \u00e9tait riche et diversifi\u00e9e\u00a0; ponctu\u00e9e notamment par l\u2019organisation\u00a0 de grands \u00e9v\u00e9nements en l\u2019occurrence les premi\u00e8res assises nationales sur l\u2019\u00e9tat des lieux des arts plastiques au Maroc, l\u2019exposition nationale des arts plastiques \u00abMains de lumi\u00e8re\u00bb, sans une oublier une rencontre intellectuelle phare avec le philosophe Mohamed Sabila qui a mis la lumi\u00e8re sur\u00a0 le th\u00e8me des \u00ablumi\u00e8res\u00bb dans sa dimension esth\u00e9tique et philosophique.<\/p>\n<p class=\"c4\">\u00abLes assises nationales\u00a0 \u00e9taient\u00a0 un temps artistique fort de l\u2019ann\u00e9e qui a \u00e9t\u00e9 organis\u00e9 par le Syndicat, en partenariat avec le minist\u00e8re de la Culture et de la Communication, d\u00e9partement de la communication, le jeudi 20 d\u00e9cembre 2018 \u00e0 Rabat, auquel ont particip\u00e9 de nombreux artistes plasticiens, chercheurs en esth\u00e9tique, critiques, professeurs, acteurs culturels\u00a0 et d\u2019autres\u00bb, explique Mohamed Mansouri Idrissi, pr\u00e9sident du Syndicat lors du point de presse.\u00a0 Pour lui, l\u2019organisation de ces assises est une premi\u00e8re, car elle s\u2019est pench\u00e9e sur de nombreuses questions\u00a0 importantes touchant\u00a0 le secteur, \u00e0 savoir les droits de l\u2019artiste (les droits de base et les droits connexes), le march\u00e9 de l\u2019art, la formation artistique, l\u2019arsenal juridique\u2026<\/p>\n<p class=\"c4\">Par ailleurs, cet \u00e9v\u00e9nement a \u00e9t\u00e9 couronn\u00e9 par la d\u00e9cision e faire du \u00a007 octobre, la journ\u00e9e nationale d\u2019art plastique, a-t-il ajout\u00e9.\u00a0 Et pour ce qui est de la promotion de la jeune cr\u00e9ation nationale, le pr\u00e9sident du Syndicat\u00a0 a mis l\u2019accent sur la mise en \u0153uvre du projet de d\u00e9cret relatif au Prix national des arts plastiques. Un prix qui \u0153uvrera pour l\u2019encouragement des jeunes artistes dans le domaine des arts plastiques et visuels.\u00a0 La pr\u00e9sence des artistes plasticiens au SIEL a \u00e9t\u00e9 renforc\u00e9e par l\u2019organisation d\u2019une galerie au livre artistique, ainsi que des conf\u00e9rences et d\u00e9bats organis\u00e9s lors de cette messe livresque, explique Mansouri Idrissi.<\/p>\n<p class=\"c4\">D\u2019apr\u00e8s lui, une salle nationale d\u2019exposition consacr\u00e9e aux grandes manifestations artistiques et culturelle a \u00e9t\u00e9 cr\u00e9\u00e9e en vue d\u2019accompagner le projet \u00abRabat Ville Lumi\u00e8re, Capitale Marocaine de la Culture\u00bb. En outre, l\u2019exposition nationale \u00abMains de lumi\u00e8re\u00bb continuera son p\u00e9riple et sillonnera le reste du pays avec une exposition\u00a0 qui aura lieu \u00e0 F\u00e8s du 14 au 22 juin, ainsi qu\u2019 \u00e0 Tanger au mois de novembre, puis \u00e0 T\u00e9touan au mois de d\u00e9cembre \u00e0 Casablanca en\u00a0 janvier et f\u00e9vrier 2020, \u00e0 Oujda en avril 2020 et \u00e0 El Jadida. Pour ses projets \u00e0 venir, le Syndicat envisage l\u2019organisation d\u2019une exposition internationale des arts plastiques qui\u00a0 sera plac\u00e9e sous le th\u00e8me \u00abl\u2019art au service de l\u2019\u00e9change culturel et du syst\u00e8me des valeurs\u00bb et un autre colloque international sur \u00abl\u2019art plastique mondial, r\u00e9alisations et horizons\u00bb.<\/p>\n<p class=\"c5\"><strong>Mohamed Nait Youssef<\/strong><\/p>\n<p>Auteur: rahal mehamed<br \/>\n<a href=\"http:\/\/albayane.press.ma\/le-syndicat-marocain-des-artistes-plasticiens-professionnels-presente-son-bilan.html\">Cliquez ici pour lire l&rsquo;article depuis sa source.<\/a><\/p>\n","protected":false},"excerpt":{"rendered":"<p>C\u2019est au hall du Th\u00e9\u00e2tre National Mohammed V que le Syndicat marocain des artistes plasticiens professionnels a organis\u00e9, mardi 11 juin, un point de presse pour pr\u00e9senter son bilan culturel et artistique de l\u2019ann\u00e9e en cours. Cette rencontre marqu\u00e9e par la pr\u00e9sence d\u2019une pl\u00e9iade d\u2019artistes, d\u2019acteurs culturels et de journalistes a \u00e9t\u00e9 une occasion pour [&hellip;]<\/p>\n","protected":false},"author":1760,"featured_media":0,"comment_status":"closed","ping_status":"closed","sticky":false,"template":"","format":"standard","meta":{"fifu_image_url":"","fifu_image_alt":"","footnotes":""},"categories":[73,54],"tags":[],"class_list":["post-40339","post","type-post","status-publish","format-standard","hentry","category-actualite","category-maroc"],"_links":{"self":[{"href":"https:\/\/linitiative.ca\/International\/wp-json\/wp\/v2\/posts\/40339","targetHints":{"allow":["GET"]}}],"collection":[{"href":"https:\/\/linitiative.ca\/International\/wp-json\/wp\/v2\/posts"}],"about":[{"href":"https:\/\/linitiative.ca\/International\/wp-json\/wp\/v2\/types\/post"}],"author":[{"embeddable":true,"href":"https:\/\/linitiative.ca\/International\/wp-json\/wp\/v2\/users\/1760"}],"replies":[{"embeddable":true,"href":"https:\/\/linitiative.ca\/International\/wp-json\/wp\/v2\/comments?post=40339"}],"version-history":[{"count":0,"href":"https:\/\/linitiative.ca\/International\/wp-json\/wp\/v2\/posts\/40339\/revisions"}],"wp:attachment":[{"href":"https:\/\/linitiative.ca\/International\/wp-json\/wp\/v2\/media?parent=40339"}],"wp:term":[{"taxonomy":"category","embeddable":true,"href":"https:\/\/linitiative.ca\/International\/wp-json\/wp\/v2\/categories?post=40339"},{"taxonomy":"post_tag","embeddable":true,"href":"https:\/\/linitiative.ca\/International\/wp-json\/wp\/v2\/tags?post=40339"}],"curies":[{"name":"wp","href":"https:\/\/api.w.org\/{rel}","templated":true}]}}