{"id":40340,"date":"2019-06-13T06:24:02","date_gmt":"2019-06-13T10:24:02","guid":{"rendered":"https:\/\/linitiative.ca\/International\/residus\/"},"modified":"2019-06-13T06:24:02","modified_gmt":"2019-06-13T10:24:02","slug":"residus","status":"publish","type":"post","link":"https:\/\/linitiative.ca\/International\/residus\/","title":{"rendered":"R\u00e9sidus"},"content":{"rendered":"<p class=\"c4\"><strong><span class=\"c3\"><span class=\"c2\">E<\/span>t c\u2019est l\u2019autorit\u00e9 gouvernementale charg\u00e9e de la s\u00e9curit\u00e9 sanitaire qui l\u2019annonce\u00a0: la \u00abpr\u00e9sence de r\u00e9sidus de pesticides dans la menthe destin\u00e9e \u00e0 la consommation\u00bb constitue \u00abun risque sanitaire imminent pour la sant\u00e9 du consommateur\u00bb. Toutefois, il est important d\u2019assurer que \u00ab<em>Le Maroc exporte de grandes quantit\u00e9s de menthe qui sont conformes \u00e0 la r\u00e8glementation\u00bb.<\/em><\/span><\/strong><\/p>\n<p class=\"c4\"><span class=\"c5\"><em>C\u2019est cette distinction qui fait peur comme si le risque sanitaire est variable selon qu\u2019il s\u2019agit de la population locale ou celle int\u00e9ress\u00e9e par notre production agricole contre des devises sonnantes et tr\u00e9buchantes.<\/em><\/span><\/p>\n<p class=\"c4\"><span class=\"c5\"><em>Il est loin le temps du drame des huiles frelat\u00e9es, il y a soixante ann\u00e9es\u00a0! Intoxication collective dont les cons\u00e9quences sur la sant\u00e9 sont toujours subites par les rescap\u00e9s dans l\u2019indigence et l\u2019inattention. Devoir de m\u00e9moire pour que l\u2019on soit pr\u00e9serv\u00e9 de tout \u00ab\u00a0crime de sant\u00e9 contre la nation\u00a0\u00bb dont l\u2019un des vecteurs a \u00e9t\u00e9 le beignet traditionnel\u00a0!<\/em><\/span><\/p>\n<p class=\"c4\"><span class=\"c5\"><em>Avec la lutte anti-acridienne, l\u2019utilisation des pesticides va se pratiquer \u00e0 grande \u00e9chelle et avec des moyens organis\u00e9s pour faire face \u00e0 toute invasion du fl\u00e9au ravageur qu\u2019est le criquet p\u00e8lerin. Dans ce temps, des trag\u00e9dies ont \u00e9t\u00e9 v\u00e9cues par la consommation de la sauterelle, \u00abcrevette du pauvre\u00bb, infest\u00e9e par le traitement chimique.<\/em><\/span><\/p>\n<p class=\"c4\"><span class=\"c5\"><em>L\u2019utilisation des produits phytosanitaires va devenir une pratique de plus en plus effective pour r\u00e9pondre aux exigences de la productivit\u00e9 agricole et, il faut le reconnaitre, \u00e0 l\u2019appel des march\u00e9s. A l\u2019export, les normes sont bien d\u00e9termin\u00e9es pour faire face \u00e0 l\u2019usage non raisonn\u00e9 des pesticides. Par contre, le march\u00e9 int\u00e9rieur ne se pr\u00e9occupe pas aussi convenablement de \u00abces d\u00e9tails\u00bb et devient le r\u00e9ceptacle peu contr\u00f4l\u00e9 de la marchandise. Ainsi, \u00ab<\/em>l\u2019utilisation des m\u00e9thodes de protection des cultures respectueuses de la sant\u00e9 humaine et des autres composantes de l\u2019environnement\u00bb reste \u00e0 l\u2019ordre du jour autant que \u00abl\u2019information et la sensibilisation des utilisateurs et des consommateurs sur la dangerosit\u00e9 des produits phytosanitaires sur la sant\u00e9 humaine et sur l\u2019environnement\u00bb.<\/span><\/p>\n<p class=\"c4\"><span class=\"c5\">L\u2019annonce effectu\u00e9e par l\u2019ONSSA sur la menthe ne peut \u00eatre l\u2019arbre qui cache la for\u00eat. C\u2019est une bonne action, n\u00e9cessaire mais encore insuffisante eu \u00e9gard \u00e0 l\u2019empoisonnement sournois de la population par diff\u00e9rents produits utilis\u00e9s dans la production, la pr\u00e9servation ou le stockage d\u2019une alimentation de plus en plus \u00abchimique\u00bb.\u00a0L\u2019organisation et la r\u00e9glementation des circuits d\u2019approvisionnement des produits phytosanitaires et des produits chimiques dans l\u2019activit\u00e9 agricole et l\u2019industrie agroalimentaire doit \u00eatre une priorit\u00e9<\/span><\/p>\n<p class=\"c4\"><span class=\"c5\">Cet \u00e9tat de la menthe est aussi un avertissement pour qui de droit contre cette agriculture sans \u00e2me, qui ne respecte pas la nature, productiviste et dont le profit est le seul objectif\u00a0; quitte \u00e0 empoisonner aussi bien \u00abceux d\u2019en haut que ceux d\u2019en bas\u00bb.<\/span><\/p>\n<p class=\"c4\"><span class=\"c5\">Les politiques publiques doivent se pr\u00e9occuper de la promotion d\u2019une agriculture solidaire, viable et durable. <em>L\u2019am\u00e9lioration de la situation<\/em> des petits et moyens agriculteurs ne se contredit pas avec une production agricole saine et respectueuse de l\u2019environnement. Nos campagnes doivent rester riches en biodiversit\u00e9, garantes d\u2019une alimentation nutritive et saine et permettre l\u2019\u00e9radication de la faim et du d\u00e9nuement. Il ne s\u2019agit pas de revenir aux proc\u00e9d\u00e9s d\u2019antan,acquis depuis le N\u00e9olithique, sans recours aux techniques modernes et au savoir scientifique d\u00e9velopp\u00e9 jusqu\u2019\u00e0 pr\u00e9sent. Il s\u2019agit d\u2019investir le capital sol et de le pr\u00e9server dans sa globalit\u00e9 pour assurer la s\u00e9curit\u00e9 alimentaire dans le bien\u00eatre de la population et le respect de l\u2019environnement. L\u2019int\u00e9gration des consid\u00e9rations environnementales est in\u00e9vitable pour pr\u00e9venir l\u2019empoisonnement de tous. Il en va de la mutation de notre agriculture, de sa modernisation et du d\u00e9veloppement du monde rural. Il en va de la sant\u00e9 de notre population qui m\u00e9rite de d\u00e9guster son th\u00e9 \u00e0 la menthe sans se pr\u00e9occuper de tous les r\u00e9sidus quels que soient leur nature et leurs supports.<\/span><\/p>\n<p>Auteur: rahal mehamed<br \/>\n<a href=\"http:\/\/albayane.press.ma\/residus.html\">Cliquez ici pour lire l&rsquo;article depuis sa source.<\/a><\/p>\n","protected":false},"excerpt":{"rendered":"<p>Et c\u2019est l\u2019autorit\u00e9 gouvernementale charg\u00e9e de la s\u00e9curit\u00e9 sanitaire qui l\u2019annonce\u00a0: la \u00abpr\u00e9sence de r\u00e9sidus de pesticides dans la menthe destin\u00e9e \u00e0 la consommation\u00bb constitue \u00abun risque sanitaire imminent pour la sant\u00e9 du consommateur\u00bb. Toutefois, il est important d\u2019assurer que \u00abLe Maroc exporte de grandes quantit\u00e9s de menthe qui sont conformes \u00e0 la r\u00e8glementation\u00bb. C\u2019est [&hellip;]<\/p>\n","protected":false},"author":1760,"featured_media":0,"comment_status":"closed","ping_status":"closed","sticky":false,"template":"","format":"standard","meta":{"fifu_image_url":"","fifu_image_alt":"","footnotes":""},"categories":[73,54],"tags":[],"class_list":["post-40340","post","type-post","status-publish","format-standard","hentry","category-actualite","category-maroc"],"_links":{"self":[{"href":"https:\/\/linitiative.ca\/International\/wp-json\/wp\/v2\/posts\/40340","targetHints":{"allow":["GET"]}}],"collection":[{"href":"https:\/\/linitiative.ca\/International\/wp-json\/wp\/v2\/posts"}],"about":[{"href":"https:\/\/linitiative.ca\/International\/wp-json\/wp\/v2\/types\/post"}],"author":[{"embeddable":true,"href":"https:\/\/linitiative.ca\/International\/wp-json\/wp\/v2\/users\/1760"}],"replies":[{"embeddable":true,"href":"https:\/\/linitiative.ca\/International\/wp-json\/wp\/v2\/comments?post=40340"}],"version-history":[{"count":0,"href":"https:\/\/linitiative.ca\/International\/wp-json\/wp\/v2\/posts\/40340\/revisions"}],"wp:attachment":[{"href":"https:\/\/linitiative.ca\/International\/wp-json\/wp\/v2\/media?parent=40340"}],"wp:term":[{"taxonomy":"category","embeddable":true,"href":"https:\/\/linitiative.ca\/International\/wp-json\/wp\/v2\/categories?post=40340"},{"taxonomy":"post_tag","embeddable":true,"href":"https:\/\/linitiative.ca\/International\/wp-json\/wp\/v2\/tags?post=40340"}],"curies":[{"name":"wp","href":"https:\/\/api.w.org\/{rel}","templated":true}]}}