{"id":40341,"date":"2019-06-13T06:46:48","date_gmt":"2019-06-13T10:46:48","guid":{"rendered":"https:\/\/linitiative.ca\/International\/renard-devoile-ses-23-lions-sans-aucun-joueur-de-la-botola\/"},"modified":"2019-06-13T06:46:48","modified_gmt":"2019-06-13T10:46:48","slug":"renard-devoile-ses-23-lions-sans-aucun-joueur-de-la-botola","status":"publish","type":"post","link":"https:\/\/linitiative.ca\/International\/renard-devoile-ses-23-lions-sans-aucun-joueur-de-la-botola\/","title":{"rendered":"Renard d\u00e9voile ses 23 Lions: sans aucun joueur de la Botola\u2026"},"content":{"rendered":"<p class=\"c4\"><strong><span class=\"c2\">L<\/span><span class=\"c3\">e s\u00e9lectionneur national des Lions de l\u2019Atlas, Herv\u00e9 Renard, a attendu les derniers moments du d\u00e9lais fix\u00e9 par la CAF pour d\u00e9voiler la liste d\u00e9finitive des 23 jours devant participer \u00e0 la prochaine Coupe d\u2019Afrique des Nations (CAN 2019 d\u2019Egypte), qui se d\u00e9roulera du 21 juin au 19 juillet.<\/span><\/strong><\/p>\n<p class=\"c4\">Au d\u00e9but de la semaine \u00e9coul\u00e9e, ils \u00e9taient au nombre de 27 Lions ayant pris part au stage de pr\u00e9paration effectu\u00e9 \u00e0 Rabat pour les matches amicaux contre la Gambie, mercredi \u00e0 Marrakech, et la Zambie, dimanche prochain \u00e0 la m\u00eame vile ocre, avant le voyage en Egypte pr\u00e9vu le 18 juin. Ce sera \u00e0 3 jours du d\u00e9but de la CAN et 5 jours du premier match des Lions contre le Namibie (23 juin) puis la C\u00f4te d\u2019Ivoire (28 juin) et l\u2019Afrique du sud (1<sup>er<\/sup> juillet).<\/p>\n<p class=\"c4\">Dans la liste d\u00e9finitive des Lions de Renard, quatre joueurs pr\u00e9s\u00e9lectionn\u00e9s ont \u00e9t\u00e9 \u00e9loign\u00e9s, Amine Harit (Schalke 04, Allemagne), Ayoub El Ka\u00e2bi (Hebei China Fortune FC, Chine), Abdelkrim Baadi (Hassania d\u2019Agadir) et le gardien de but, Anas Ziniti du Raja Casablanca qui avait remplac\u00e9 son homologue de la Renaissance de Berkane, Ali Mhamdi.<\/p>\n<p class=\"c4\">Ainsi et \u00e0 l\u2019exception du gardien de but Ahmed Reda Tagnaouti class\u00e9 2<sup>e<\/sup> rempla\u00e7ant apr\u00e8s Yassine Bounou de G\u00e9rona derri\u00e8re le portier titulaire Mounir El Kajoui de Malaga, l\u2019\u00e9quipe nationale abordera la prochain CAN sans aucun joueur de la Botola.<\/p>\n<p class=\"c4\">Herv\u00e9 Renard\u00a0 qui a pratiquement gard\u00e9 les m\u00eames joueurs\u00a0 ayant disput\u00e9 le Mondial 2018 en Russie \u00e0 quelques exceptions dont Amine Harite et Ayoub El Ka\u00e2bi exclus de la liste des joueurs partants pour l\u2019Egypte.<\/p>\n<p class=\"c4\">Par ailleurs, Abderazak Hamad Allah d\u2019Al-Nasr Saoudite est convoqu\u00e9 comme titulaire pour la premi\u00e8re fois par Herv\u00e9 Renard qui ne croyait pas, auparavant, aux joueurs marocains \u00e9voluant dans les championnats du Golfe. Ce qui est une contradiction surtout que dans la liste des Lions de Renard\u00a0 on trouve pas moins de 6 \u00e0 7 joueurs venant des championnats saoudien et qatari dont un \u00e9voluant en Egypte.<\/p>\n<p class=\"c4\">Ce qui est injuste pour certains joueurs locaux qui ont vraiment leur place chez les Lions avec au moins 6 \u00e0 7 joueurs dont un incontestable Mohcine Iajor, pour son statut de v\u00e9ritable attaquant, premier buteur de la Botola et vainqueur avec le Raja de deux titres africains, la Coupe de la CAF en novembre 2018 et la Supercoupe en mars 2019\u2026 D\u2019autres tels Badr Banoun, Zakaria Hadraf qui va quitter le Raja vers le Golfe, Isma\u00efl Haddad du WAC\u2026 pour ne citer que ceux l\u00e0 en compagnie d\u2019un certain Mohcine Metoualli qui vient de retrouver son \u00e9quipe m\u00e8re du Raja apr\u00e8s un parcours honorable au Golfe beaucoup mieux que certains pr\u00e9f\u00e9r\u00e9s de Renard.<\/p>\n<p class=\"c4\">Tous ces joueurs restent r\u00e9guliers et r\u00e9alisent les beaux jours de leurs clubs respectifs\u2026<\/p>\n<p class=\"c4\">Qu\u2019en pense Renard qui serait partant apr\u00e8s la CAN, quelques soient les performances de ses Lions\u2026\u00a0?<\/p>\n<p class=\"c4\">On n\u2019a pas besoin de r\u00e9ponse. Car pour le moment, on ne peut que leur souhaiter bonnes chances avec l\u2019espoir de ramener au Maroc un 2<sup>e<\/sup> sacre continental qui fait d\u00e9faut \u00e0 l\u2019\u00e9quipe nationale depuis celui obtenu \u00e0 Addis-Abeba lors de la CAN 1976\u2026<\/p>\n<p class=\"c5\"><strong>Rachid Lebchir<\/strong><\/p>\n<p class=\"c6\"><span class=\"c2\"><strong>Liste des 23 Lions retenus par Renard<\/strong><\/span><\/p>\n<p class=\"c4\"><strong>\u00a0. Gardiens de but:<\/strong> Mounir El Kajoui (Malaga, Espagne), Yassine Bounou (G\u00e9rona, Espagne), Ahmed Reda Tagnaouti (Wydad de Casablanca).<\/p>\n<p class=\"c4\"><strong>\u00a0. Les joueurs\u00a0:<\/strong> Marouane Da Costa (Ittihad Djeddah, Arabie saoudite), Ghanem Saiss (Wolverhampton, Angleterre), Abdelhamid Yunis (Stade Reims, France), Mehdi Benatia (Al-Duhail Sports, Qatar), Achraf Hakimi (Dortmund, Allemagne), Karim El Ahmadi Arroussi (Al Ittihad, Arabie Saoudite), Youssef A\u00eft Bennasser (St-Etienne, France), Mehdi Bourabia (Sassuolo, Itlaie), M\u2019barek Boussoufa (Al-Shabab, Arabie Saoudite), Youn\u00e8s Belhanda (Galatasaray, Turquie), Fay\u00e7al Fajr (Caen, France), Nordin Amrabat (Al-Nasr, Arabie Saoudite), Hakim Ziyech (Ajax Amsterdam, Pays-Bas), Mazraoui Noussair (Ajax Amsterdam, Pays-Bas), Youssef En-Nesyri (Leganes, Espagne), Soufiane Boufal (Celta Vigo, Espagne), Nabil Dirar (Fenerbah\u00e7e Spor Kul\u00fcb\u00fc, Turquie), Abderazak Hamad Allah (Al-Nasr, Arabie Saoudite), Khalid Boutayeb (Zamalek, Egypte) et Oussama Idrissi (AZ Alkmaar, Pays-Bas).<\/p>\n<p>Auteur: rahal mehamed<br \/>\n<a href=\"http:\/\/albayane.press.ma\/renard-devoile-ses-23-lions-sans-aucun-joueur-de-la-botola.html\">Cliquez ici pour lire l&rsquo;article depuis sa source.<\/a><\/p>\n","protected":false},"excerpt":{"rendered":"<p>Le s\u00e9lectionneur national des Lions de l\u2019Atlas, Herv\u00e9 Renard, a attendu les derniers moments du d\u00e9lais fix\u00e9 par la CAF pour d\u00e9voiler la liste d\u00e9finitive des 23 jours devant participer \u00e0 la prochaine Coupe d\u2019Afrique des Nations (CAN 2019 d\u2019Egypte), qui se d\u00e9roulera du 21 juin au 19 juillet. Au d\u00e9but de la semaine \u00e9coul\u00e9e, [&hellip;]<\/p>\n","protected":false},"author":1760,"featured_media":0,"comment_status":"closed","ping_status":"closed","sticky":false,"template":"","format":"standard","meta":{"fifu_image_url":"","fifu_image_alt":"","footnotes":""},"categories":[73,54],"tags":[],"class_list":["post-40341","post","type-post","status-publish","format-standard","hentry","category-actualite","category-maroc"],"_links":{"self":[{"href":"https:\/\/linitiative.ca\/International\/wp-json\/wp\/v2\/posts\/40341","targetHints":{"allow":["GET"]}}],"collection":[{"href":"https:\/\/linitiative.ca\/International\/wp-json\/wp\/v2\/posts"}],"about":[{"href":"https:\/\/linitiative.ca\/International\/wp-json\/wp\/v2\/types\/post"}],"author":[{"embeddable":true,"href":"https:\/\/linitiative.ca\/International\/wp-json\/wp\/v2\/users\/1760"}],"replies":[{"embeddable":true,"href":"https:\/\/linitiative.ca\/International\/wp-json\/wp\/v2\/comments?post=40341"}],"version-history":[{"count":0,"href":"https:\/\/linitiative.ca\/International\/wp-json\/wp\/v2\/posts\/40341\/revisions"}],"wp:attachment":[{"href":"https:\/\/linitiative.ca\/International\/wp-json\/wp\/v2\/media?parent=40341"}],"wp:term":[{"taxonomy":"category","embeddable":true,"href":"https:\/\/linitiative.ca\/International\/wp-json\/wp\/v2\/categories?post=40341"},{"taxonomy":"post_tag","embeddable":true,"href":"https:\/\/linitiative.ca\/International\/wp-json\/wp\/v2\/tags?post=40341"}],"curies":[{"name":"wp","href":"https:\/\/api.w.org\/{rel}","templated":true}]}}