{"id":40346,"date":"2019-06-13T10:50:31","date_gmt":"2019-06-13T14:50:31","guid":{"rendered":"https:\/\/linitiative.ca\/International\/balance-commerciale-alimentaire-un-deficit-de-534-d-durant-les-5-premiers-mois\/"},"modified":"2019-06-13T10:50:31","modified_gmt":"2019-06-13T14:50:31","slug":"balance-commerciale-alimentaire-un-deficit-de-534-d-durant-les-5-premiers-mois","status":"publish","type":"post","link":"https:\/\/linitiative.ca\/International\/balance-commerciale-alimentaire-un-deficit-de-534-d-durant-les-5-premiers-mois\/","title":{"rendered":"Balance commerciale alimentaire Un d\u00e9ficit de 534 D durant les 5 premiers mois"},"content":{"rendered":"<p>La situation de la balance commerciale alimentaire ne cesse de se d\u00e9grader. Elle a enregistr\u00e9 au cours des cinq premiers mois de l\u2019ann\u00e9e, un d\u00e9ficit de 534 millions dinars (6,5% du total du d\u00e9ficit de la balance commerciale) contre un exc\u00e9dent de 219,3 MD au cours de la m\u00eame p\u00e9riode de 2018, enregistrant ainsi un taux de couverture de 80% contre 109,6 % pendant la m\u00eame p\u00e9riode en 2018.<\/p>\n<p>Selon les donn\u00e9es du minist\u00e8re de l\u2019Agriculture, cette situation est due \u00e0 la hausse de la valeur des importations alimentaires de 16% et \u00e0 la baisse des exportations de 15,5 \u00e0 cause de la r\u00e9gression des recettes de l\u2019huile d\u2019olive de 43%.<\/p>\n<p>Les exportations des produits alimentaires au cours des cinq premiers mois de 2019 ont connu une baisse de 15,5% par rapport \u00e0 la m\u00eame p\u00e9riode de 2018 \u00e0 cause d\u2019un recul de 43% en terme de valeur, et de 40% en quantit\u00e9.<\/p>\n<p>Les recettes des autres exportations alimentaires ont \u00e9volu\u00e9 de 11% \u00e0 cause de l\u2019augmentation des recettes des dattes de 7%, des agrumes de 19%, des produits de la mer de 29% des exportations des l\u00e9gumes frais de 27%, des conserves de l\u00e9gumes, de fruits et de poissons de 48% et des p\u00e2tes de 62%.<\/p>\n<p>La valeur des exportations alimentaires au cours des cinq premiers mois de 2019 a atteint 10,8 du total des exportations du pays contre 14,7 au cours de la m\u00eame p\u00e9riode de 2018.<\/p>\n<p class=\"dpsp-share-text\">Partager c&rsquo;est aimer!<\/p>\n<div class=\"wp-post-author-wrap wp-post-author-shortcode left\">\n<h3 class=\"awpa-title\"\/>\n<div class=\"wp-post-author\">\n<div class=\"awpa-img awpa-author-block square\"><a href=\"http:\/\/lexpertjournal.net\/fr\/author\/expert\/\"><img loading=\"lazy\" decoding=\"async\" alt=\"\" src=\"http:\/\/2.gravatar.com\/avatar\/56d99be2a6f97af88ccb49fada637fcd?s=150&#038;d=mm&#038;r=g\" srcset=\"http:\/\/2.gravatar.com\/avatar\/56d99be2a6f97af88ccb49fada637fcd?s=300&#038;d=mm&#038;r=g 2x\" class=\"avatar avatar-150 photo\" height=\"150\" width=\"150\"\/><\/a><\/div>\n<\/div>\n<\/div>\n<p>Auteur: L&rsquo;expert<br \/>\n<a href=\"http:\/\/lexpertjournal.net\/fr\/2019\/06\/13\/balance-commerciale-alimentaire-un-deficit-de-534-d-durant-les-5-premiers-mois\/\">Cliquez ici pour lire l&rsquo;article depuis sa source.<\/a><\/p>\n","protected":false},"excerpt":{"rendered":"<p>La situation de la balance commerciale alimentaire ne cesse de se d\u00e9grader. Elle a enregistr\u00e9 au cours des cinq premiers mois de l\u2019ann\u00e9e, un d\u00e9ficit de 534 millions dinars (6,5% du total du d\u00e9ficit de la balance commerciale) contre un exc\u00e9dent de 219,3 MD au cours de la m\u00eame p\u00e9riode de 2018, enregistrant ainsi un [&hellip;]<\/p>\n","protected":false},"author":1775,"featured_media":0,"comment_status":"closed","ping_status":"closed","sticky":false,"template":"","format":"standard","meta":{"fifu_image_url":"","fifu_image_alt":"","footnotes":""},"categories":[78,55],"tags":[],"class_list":["post-40346","post","type-post","status-publish","format-standard","hentry","category-economie","category-tunisie"],"_links":{"self":[{"href":"https:\/\/linitiative.ca\/International\/wp-json\/wp\/v2\/posts\/40346","targetHints":{"allow":["GET"]}}],"collection":[{"href":"https:\/\/linitiative.ca\/International\/wp-json\/wp\/v2\/posts"}],"about":[{"href":"https:\/\/linitiative.ca\/International\/wp-json\/wp\/v2\/types\/post"}],"author":[{"embeddable":true,"href":"https:\/\/linitiative.ca\/International\/wp-json\/wp\/v2\/users\/1775"}],"replies":[{"embeddable":true,"href":"https:\/\/linitiative.ca\/International\/wp-json\/wp\/v2\/comments?post=40346"}],"version-history":[{"count":0,"href":"https:\/\/linitiative.ca\/International\/wp-json\/wp\/v2\/posts\/40346\/revisions"}],"wp:attachment":[{"href":"https:\/\/linitiative.ca\/International\/wp-json\/wp\/v2\/media?parent=40346"}],"wp:term":[{"taxonomy":"category","embeddable":true,"href":"https:\/\/linitiative.ca\/International\/wp-json\/wp\/v2\/categories?post=40346"},{"taxonomy":"post_tag","embeddable":true,"href":"https:\/\/linitiative.ca\/International\/wp-json\/wp\/v2\/tags?post=40346"}],"curies":[{"name":"wp","href":"https:\/\/api.w.org\/{rel}","templated":true}]}}