{"id":40350,"date":"2019-06-13T06:00:00","date_gmt":"2019-06-13T10:00:00","guid":{"rendered":"https:\/\/linitiative.ca\/International\/les-travailleurs-de-kougc-dans-la-tourmente\/"},"modified":"2019-06-13T06:00:00","modified_gmt":"2019-06-13T10:00:00","slug":"les-travailleurs-de-kougc-dans-la-tourmente","status":"publish","type":"post","link":"https:\/\/linitiative.ca\/International\/les-travailleurs-de-kougc-dans-la-tourmente\/","title":{"rendered":"Les travailleurs de KouGC dans la tourmente"},"content":{"rendered":"<div id=\"originalText\" readability=\"68\">\n<p>Les travailleurs du groupe KouGC traversent depuis pr\u00e8s de deux mois une situation d\u2019incertitude totale \u00e0 la suite de l\u2019incarc\u00e9ration, le 24 avril dernier, des principaux actionnaires de l\u2019entreprise, les fr\u00e8res Kouninef, et du g\u00e9rant du groupe, pour de graves faits de corruption et de trafic d\u2019influence. Face \u00e0 la situation de blocage dans laquelle se retrouve ainsi KouGC en l\u2019absence d\u2019un fond\u00e9 de pouvoir pour g\u00e9rer au moins les affaires courantes, les travailleurs se voient ainsi livr\u00e9s \u00e0 la pr\u00e9carit\u00e9 et priv\u00e9s de leurs salaires depuis le mois de mai dernier, bien que la sant\u00e9 financi\u00e8re du groupe demeure jusqu\u2019ici viable, selon des cadres de l\u2019entreprise.<\/p>\n<p>Pour d\u00e9fendre leurs droits et leurs emplois, apprend-on aupr\u00e8s de ces m\u00eames cadres, les travailleurs avaient pr\u00e9vu d\u2019organiser hier dans l\u2019apr\u00e8s-midi un sit-in devant le si\u00e8ge du groupe \u00e0 Hydra (Alger), avant d\u2019opter finalement pour un ajournement de leur action de protestation apr\u00e8s la notification d\u2019une d\u00e9cision de justice portant d\u00e9signation d\u2019un administrateur pour assurer la gestion des affaires administratives du groupe. \u201cNous ne d\u00e9fendons rien d\u2019autre que nos emplois et nos salaires\u201d, nous assurent nos interlocuteurs, qui pr\u00e9cisent en d\u00e9finitive que l\u2019issue finale de cette situation d\u00e9coulera de la prise de fonction officielle de l\u2019administrateur d\u00e9sign\u00e9 par la justice et des d\u00e9cisions qu\u2019il aura \u00e0 prendre pour d\u00e9bloquer surtout les salaires des travailleurs.<\/p>\n<p>\u00c0 rappeler que le groupe KouGC est pr\u00e9sent dans divers secteurs d\u2019activit\u00e9, dont notamment le b\u00e2timent et les travaux publics, l\u2019hydraulique, la t\u00e9l\u00e9phonie et l\u2019industrie agroalimentaire. R\u00e9put\u00e9s tr\u00e8s proches et tr\u00e8s influents aupr\u00e8s du clan du pr\u00e9sident d\u00e9chu, Abdelaziz Bouteflika, les patrons du groupe, les fr\u00e8res Kouninef, b\u00e9n\u00e9ficiaient \u00e0 la faveur de cette proximit\u00e9 d\u2019un acc\u00e8s privil\u00e9gi\u00e9 \u00e0 la commande et aux march\u00e9s publics, avant d\u2019\u00eatre arr\u00eat\u00e9s et plac\u00e9s sous mandat de d\u00e9p\u00f4t en avril dernier, sur les chefs d\u2019accusation de non-respect des engagements contractuels dans la r\u00e9alisation de projets publics, de trafic d&rsquo;influence avec des fonctionnaires de l\u2019\u00c9tat pour l&rsquo;obtention de privil\u00e8ges et de d\u00e9tournement de fonciers et de concessions.\u00a0\u00a0<\/p>\n<p class=\"c10\"><strong>Akli R.<\/strong><\/p>\n<\/div>\n<div id=\"text_core\" readability=\"68\">\n<p>Les travailleurs du groupe KouGC traversent depuis pr\u00e8s de deux mois une situation d\u2019incertitude totale \u00e0 la suite de l\u2019incarc\u00e9ration, le 24 avril dernier, des principaux actionnaires de l\u2019entreprise, les fr\u00e8res Kouninef, et du g\u00e9rant du groupe, pour de graves faits de corruption et de trafic d\u2019influence. Face \u00e0 la situation de blocage dans laquelle se retrouve ainsi KouGC en l\u2019absence d\u2019un fond\u00e9 de pouvoir pour g\u00e9rer au moins les affaires courantes, les travailleurs se voient ainsi livr\u00e9s \u00e0 la pr\u00e9carit\u00e9 et priv\u00e9s de leurs salaires depuis le mois de mai dernier, bien que la sant\u00e9 financi\u00e8re du groupe demeure jusqu\u2019ici viable, selon des cadres de l\u2019entreprise.<\/p>\n<p>Pour d\u00e9fendre leurs droits et leurs emplois, apprend-on aupr\u00e8s de ces m\u00eames cadres, les travailleurs avaient pr\u00e9vu d\u2019organiser hier dans l\u2019apr\u00e8s-midi un sit-in devant le si\u00e8ge du groupe \u00e0 Hydra (Alger), avant d\u2019opter finalement pour un ajournement de leur action de protestation apr\u00e8s la notification d\u2019une d\u00e9cision de justice portant d\u00e9signation d\u2019un administrateur pour assurer la gestion des affaires administratives du groupe. \u201cNous ne d\u00e9fendons rien d\u2019autre que nos emplois et nos salaires\u201d, nous assurent nos interlocuteurs, qui pr\u00e9cisent en d\u00e9finitive que l\u2019issue finale de cette situation d\u00e9coulera de la prise de fonction officielle de l\u2019administrateur d\u00e9sign\u00e9 par la justice et des d\u00e9cisions qu\u2019il aura \u00e0 prendre pour d\u00e9bloquer surtout les salaires des travailleurs.<\/p>\n<p>\u00c0 rappeler que le groupe KouGC est pr\u00e9sent dans divers secteurs d\u2019activit\u00e9, dont notamment le b\u00e2timent et les travaux publics, l\u2019hydraulique, la t\u00e9l\u00e9phonie et l\u2019industrie agroalimentaire. R\u00e9put\u00e9s tr\u00e8s proches et tr\u00e8s influents aupr\u00e8s du clan du pr\u00e9sident d\u00e9chu, Abdelaziz Bouteflika, les patrons du groupe, les fr\u00e8res Kouninef, b\u00e9n\u00e9ficiaient \u00e0 la faveur de cette proximit\u00e9 d\u2019un acc\u00e8s privil\u00e9gi\u00e9 \u00e0 la commande et aux march\u00e9s publics, avant d\u2019\u00eatre arr\u00eat\u00e9s et plac\u00e9s sous mandat de d\u00e9p\u00f4t en avril dernier, sur les chefs d\u2019accusation de non-respect des engagements contractuels dans la r\u00e9alisation de projets publics, de trafic d&rsquo;influence avec des fonctionnaires de l\u2019\u00c9tat pour l&rsquo;obtention de privil\u00e8ges et de d\u00e9tournement de fonciers et de concessions.\u00a0\u00a0<\/p>\n<p class=\"c10\"><strong>Akli R.<\/strong><\/p>\n<\/div>\n<p>Auteur:<br \/>\n<a href=\"https:\/\/www.liberte-algerie.com\/actualite\/les-travailleurs-de-kougc-dans-la-tourmente-317731\">Cliquez ici pour lire l&rsquo;article depuis sa source.<\/a><\/p>\n","protected":false},"excerpt":{"rendered":"<p>Les travailleurs du groupe KouGC traversent depuis pr\u00e8s de deux mois une situation d\u2019incertitude totale \u00e0 la suite de l\u2019incarc\u00e9ration, le 24 avril dernier, des principaux actionnaires de l\u2019entreprise, les fr\u00e8res Kouninef, et du g\u00e9rant du groupe, pour de graves faits de corruption et de trafic d\u2019influence. Face \u00e0 la situation de blocage dans laquelle [&hellip;]<\/p>\n","protected":false},"author":1742,"featured_media":0,"comment_status":"closed","ping_status":"closed","sticky":false,"template":"","format":"standard","meta":{"fifu_image_url":"","fifu_image_alt":"","footnotes":""},"categories":[73,53],"tags":[],"class_list":["post-40350","post","type-post","status-publish","format-standard","hentry","category-actualite","category-algerie"],"_links":{"self":[{"href":"https:\/\/linitiative.ca\/International\/wp-json\/wp\/v2\/posts\/40350","targetHints":{"allow":["GET"]}}],"collection":[{"href":"https:\/\/linitiative.ca\/International\/wp-json\/wp\/v2\/posts"}],"about":[{"href":"https:\/\/linitiative.ca\/International\/wp-json\/wp\/v2\/types\/post"}],"author":[{"embeddable":true,"href":"https:\/\/linitiative.ca\/International\/wp-json\/wp\/v2\/users\/1742"}],"replies":[{"embeddable":true,"href":"https:\/\/linitiative.ca\/International\/wp-json\/wp\/v2\/comments?post=40350"}],"version-history":[{"count":0,"href":"https:\/\/linitiative.ca\/International\/wp-json\/wp\/v2\/posts\/40350\/revisions"}],"wp:attachment":[{"href":"https:\/\/linitiative.ca\/International\/wp-json\/wp\/v2\/media?parent=40350"}],"wp:term":[{"taxonomy":"category","embeddable":true,"href":"https:\/\/linitiative.ca\/International\/wp-json\/wp\/v2\/categories?post=40350"},{"taxonomy":"post_tag","embeddable":true,"href":"https:\/\/linitiative.ca\/International\/wp-json\/wp\/v2\/tags?post=40350"}],"curies":[{"name":"wp","href":"https:\/\/api.w.org\/{rel}","templated":true}]}}