{"id":40354,"date":"2019-06-13T06:00:00","date_gmt":"2019-06-13T10:00:00","guid":{"rendered":"https:\/\/linitiative.ca\/International\/barkat-et-ould-abbes-renoncent-a-leur-immunite\/"},"modified":"2019-06-13T06:00:00","modified_gmt":"2019-06-13T10:00:00","slug":"barkat-et-ould-abbes-renoncent-a-leur-immunite","status":"publish","type":"post","link":"https:\/\/linitiative.ca\/International\/barkat-et-ould-abbes-renoncent-a-leur-immunite\/","title":{"rendered":"Barkat et Ould Abbes renoncent \u00e0 leur immunit\u00e9"},"content":{"rendered":"<div id=\"originalText\" readability=\"50\">\n<p class=\"c10\">Cibl\u00e9s par les autorit\u00e9s judiciaires pour des soup\u00e7ons de corruption et de d\u00e9tournement d\u2019argent public, les anciens ministres Sa\u00efd Barkat et Djamel Ould Abbes, tous deux membres du Conseil de la nation, ont finalement d\u00e9cid\u00e9 de renoncer \u00e0 leur immunit\u00e9 parlementaire avant la fin de la proc\u00e9dure d\u00e9j\u00e0 enclench\u00e9e \u00e0 cet effet, indique un communiqu\u00e9 rendu public hier par la Chambre haute du Parlement. \u201cEn vertu des dispositions de l&rsquo;article 127 de la Constitution et de l&rsquo;article 124 (alin\u00e9a 2) du r\u00e8glement int\u00e9rieur du Conseil de la nation, MM. Barkat et Ould Abbes ont d\u00e9pos\u00e9 une d\u00e9claration \u00e9crite par laquelle ils renoncent volontairement \u00e0 leur immunit\u00e9 parlementaire afin de permettre \u00e0 la justice d&rsquo;exercer ses missions constitutionnelles\u201d, pr\u00e9cise ainsi le communiqu\u00e9 du Conseil de la nation, repris hier par l\u2019APS.<\/p>\n<p>Par cons\u00e9quent, la m\u00eame institution annonce qu\u2019il a \u00e9t\u00e9 d\u00e9cid\u00e9 d&rsquo;annuler la r\u00e9union \u00e0 huis clos pr\u00e9vue au d\u00e9part pour le mercredi 19 juin pour statuer sur la demande du ministre de la Justice relative \u00e0 l&rsquo;activation de la proc\u00e9dure de la lev\u00e9e de l&rsquo;immunit\u00e9 des deux s\u00e9nateurs en question. Outre ces deux anciens ministres, les autorit\u00e9s judiciaires auraient \u00e9galement introduit des demandes d\u2019enclenchement de proc\u00e9dures de lev\u00e9e d\u2019immunit\u00e9 parlementaire pour d\u2019autres anciens ministres, dont notamment Amar Ghoul et Boudjem\u00e2a Tala\u00ef.<br \/>\u00a0<\/p>\n<p class=\"c11\"><strong>Akli R.<\/strong><\/p>\n<\/div>\n<div id=\"text_core\" readability=\"50\">\n<p class=\"c10\">Cibl\u00e9s par les autorit\u00e9s judiciaires pour des soup\u00e7ons de corruption et de d\u00e9tournement d\u2019argent public, les anciens ministres Sa\u00efd Barkat et Djamel Ould Abbes, tous deux membres du Conseil de la nation, ont finalement d\u00e9cid\u00e9 de renoncer \u00e0 leur immunit\u00e9 parlementaire avant la fin de la proc\u00e9dure d\u00e9j\u00e0 enclench\u00e9e \u00e0 cet effet, indique un communiqu\u00e9 rendu public hier par la Chambre haute du Parlement. \u201cEn vertu des dispositions de l&rsquo;article 127 de la Constitution et de l&rsquo;article 124 (alin\u00e9a 2) du r\u00e8glement int\u00e9rieur du Conseil de la nation, MM. Barkat et Ould Abbes ont d\u00e9pos\u00e9 une d\u00e9claration \u00e9crite par laquelle ils renoncent volontairement \u00e0 leur immunit\u00e9 parlementaire afin de permettre \u00e0 la justice d&rsquo;exercer ses missions constitutionnelles\u201d, pr\u00e9cise ainsi le communiqu\u00e9 du Conseil de la nation, repris hier par l\u2019APS.<\/p>\n<p>Par cons\u00e9quent, la m\u00eame institution annonce qu\u2019il a \u00e9t\u00e9 d\u00e9cid\u00e9 d&rsquo;annuler la r\u00e9union \u00e0 huis clos pr\u00e9vue au d\u00e9part pour le mercredi 19 juin pour statuer sur la demande du ministre de la Justice relative \u00e0 l&rsquo;activation de la proc\u00e9dure de la lev\u00e9e de l&rsquo;immunit\u00e9 des deux s\u00e9nateurs en question. Outre ces deux anciens ministres, les autorit\u00e9s judiciaires auraient \u00e9galement introduit des demandes d\u2019enclenchement de proc\u00e9dures de lev\u00e9e d\u2019immunit\u00e9 parlementaire pour d\u2019autres anciens ministres, dont notamment Amar Ghoul et Boudjem\u00e2a Tala\u00ef.<br \/>\u00a0<\/p>\n<p class=\"c11\"><strong>Akli R.<\/strong><\/p>\n<\/div>\n<p>Auteur:<br \/>\n<a href=\"https:\/\/www.liberte-algerie.com\/actualite\/barkat-et-ould-abbes-renoncent-a-leur-immunite-317727\">Cliquez ici pour lire l&rsquo;article depuis sa source.<\/a><\/p>\n","protected":false},"excerpt":{"rendered":"<p>Cibl\u00e9s par les autorit\u00e9s judiciaires pour des soup\u00e7ons de corruption et de d\u00e9tournement d\u2019argent public, les anciens ministres Sa\u00efd Barkat et Djamel Ould Abbes, tous deux membres du Conseil de la nation, ont finalement d\u00e9cid\u00e9 de renoncer \u00e0 leur immunit\u00e9 parlementaire avant la fin de la proc\u00e9dure d\u00e9j\u00e0 enclench\u00e9e \u00e0 cet effet, indique un communiqu\u00e9 [&hellip;]<\/p>\n","protected":false},"author":1742,"featured_media":0,"comment_status":"closed","ping_status":"closed","sticky":false,"template":"","format":"standard","meta":{"fifu_image_url":"","fifu_image_alt":"","footnotes":""},"categories":[73,53],"tags":[],"class_list":["post-40354","post","type-post","status-publish","format-standard","hentry","category-actualite","category-algerie"],"_links":{"self":[{"href":"https:\/\/linitiative.ca\/International\/wp-json\/wp\/v2\/posts\/40354","targetHints":{"allow":["GET"]}}],"collection":[{"href":"https:\/\/linitiative.ca\/International\/wp-json\/wp\/v2\/posts"}],"about":[{"href":"https:\/\/linitiative.ca\/International\/wp-json\/wp\/v2\/types\/post"}],"author":[{"embeddable":true,"href":"https:\/\/linitiative.ca\/International\/wp-json\/wp\/v2\/users\/1742"}],"replies":[{"embeddable":true,"href":"https:\/\/linitiative.ca\/International\/wp-json\/wp\/v2\/comments?post=40354"}],"version-history":[{"count":0,"href":"https:\/\/linitiative.ca\/International\/wp-json\/wp\/v2\/posts\/40354\/revisions"}],"wp:attachment":[{"href":"https:\/\/linitiative.ca\/International\/wp-json\/wp\/v2\/media?parent=40354"}],"wp:term":[{"taxonomy":"category","embeddable":true,"href":"https:\/\/linitiative.ca\/International\/wp-json\/wp\/v2\/categories?post=40354"},{"taxonomy":"post_tag","embeddable":true,"href":"https:\/\/linitiative.ca\/International\/wp-json\/wp\/v2\/tags?post=40354"}],"curies":[{"name":"wp","href":"https:\/\/api.w.org\/{rel}","templated":true}]}}