{"id":40355,"date":"2019-06-13T06:00:00","date_gmt":"2019-06-13T10:00:00","guid":{"rendered":"https:\/\/linitiative.ca\/International\/un-citoyen-sest-immole-par-le-feu-a-azeffoun\/"},"modified":"2019-06-13T06:00:00","modified_gmt":"2019-06-13T10:00:00","slug":"un-citoyen-sest-immole-par-le-feu-a-azeffoun","status":"publish","type":"post","link":"https:\/\/linitiative.ca\/International\/un-citoyen-sest-immole-par-le-feu-a-azeffoun\/","title":{"rendered":"Un citoyen s\u2019est immol\u00e9 par le feu \u00e0 Azeffoun"},"content":{"rendered":"<div id=\"originalText\" readability=\"53\">\n<p class=\"c10\">La population de la ville c\u00f4ti\u00e8re d\u2019Azeffoun, \u00e0 une soixantaine de kilom\u00e8tres de Tizi Ouzou,\u00a0 est encore sous le choc apr\u00e8s qu\u2019un citoyen de la localit\u00e9, \u00e2g\u00e9 de 38 ans, s\u2019est immol\u00e9 par le feu, avant-hier en fin d\u2019apr\u00e8s-midi. Selon des informations concordantes, la victime a r\u00e9ussi \u00e0 s\u2019approcher du tribunal de la ville en d\u00e9jouant l\u2019attention des policiers de service pour s\u2019asperger d\u2019essence et allumer le feu sous les yeux des passants.<\/p>\n<p class=\"c10\">\u00c9vacu\u00e9e vers l\u2019h\u00f4pital d\u2019Azeffoun dans un \u00e9tat grave puis transf\u00e9r\u00e9e aussit\u00f4t vers le service des grands br\u00fbl\u00e9s du CHU de Dou\u00e9ra, la victime a finalement succomb\u00e9 \u00e0 ses blessures d\u00e8s son arriv\u00e9e \u00e0 l\u2019h\u00f4pital. Et ce fut en pr\u00e9sence d\u2019une foule nombreuse que le d\u00e9funt a \u00e9t\u00e9 inhum\u00e9 hier, en d\u00e9but d\u2019apr\u00e8s-midi, dans son village natal d\u2019I\u00e2chouva, relevant de la commune d\u2019Azeffoun, alors que les causes d\u2019une telle trag\u00e9die sont, pour le moment, inconnues.\u00a0<br \/>\u00a0<\/p>\n<p class=\"c11\"><strong>M. H.<\/strong><\/p>\n<\/div>\n<div id=\"text_core\" readability=\"53\">\n<p class=\"c10\">La population de la ville c\u00f4ti\u00e8re d\u2019Azeffoun, \u00e0 une soixantaine de kilom\u00e8tres de Tizi Ouzou,\u00a0 est encore sous le choc apr\u00e8s qu\u2019un citoyen de la localit\u00e9, \u00e2g\u00e9 de 38 ans, s\u2019est immol\u00e9 par le feu, avant-hier en fin d\u2019apr\u00e8s-midi. Selon des informations concordantes, la victime a r\u00e9ussi \u00e0 s\u2019approcher du tribunal de la ville en d\u00e9jouant l\u2019attention des policiers de service pour s\u2019asperger d\u2019essence et allumer le feu sous les yeux des passants.<\/p>\n<p class=\"c10\">\u00c9vacu\u00e9e vers l\u2019h\u00f4pital d\u2019Azeffoun dans un \u00e9tat grave puis transf\u00e9r\u00e9e aussit\u00f4t vers le service des grands br\u00fbl\u00e9s du CHU de Dou\u00e9ra, la victime a finalement succomb\u00e9 \u00e0 ses blessures d\u00e8s son arriv\u00e9e \u00e0 l\u2019h\u00f4pital. Et ce fut en pr\u00e9sence d\u2019une foule nombreuse que le d\u00e9funt a \u00e9t\u00e9 inhum\u00e9 hier, en d\u00e9but d\u2019apr\u00e8s-midi, dans son village natal d\u2019I\u00e2chouva, relevant de la commune d\u2019Azeffoun, alors que les causes d\u2019une telle trag\u00e9die sont, pour le moment, inconnues.\u00a0<br \/>\u00a0<\/p>\n<p class=\"c11\"><strong>M. H.<\/strong><\/p>\n<\/div>\n<p>Auteur:<br \/>\n<a href=\"https:\/\/www.liberte-algerie.com\/actualite\/un-citoyen-sest-immole-par-le-feu-a-azeffoun-317725\">Cliquez ici pour lire l&rsquo;article depuis sa source.<\/a><\/p>\n","protected":false},"excerpt":{"rendered":"<p>La population de la ville c\u00f4ti\u00e8re d\u2019Azeffoun, \u00e0 une soixantaine de kilom\u00e8tres de Tizi Ouzou,\u00a0 est encore sous le choc apr\u00e8s qu\u2019un citoyen de la localit\u00e9, \u00e2g\u00e9 de 38 ans, s\u2019est immol\u00e9 par le feu, avant-hier en fin d\u2019apr\u00e8s-midi. Selon des informations concordantes, la victime a r\u00e9ussi \u00e0 s\u2019approcher du tribunal de la ville en [&hellip;]<\/p>\n","protected":false},"author":1742,"featured_media":0,"comment_status":"closed","ping_status":"closed","sticky":false,"template":"","format":"standard","meta":{"fifu_image_url":"","fifu_image_alt":"","footnotes":""},"categories":[73,53],"tags":[],"class_list":["post-40355","post","type-post","status-publish","format-standard","hentry","category-actualite","category-algerie"],"_links":{"self":[{"href":"https:\/\/linitiative.ca\/International\/wp-json\/wp\/v2\/posts\/40355","targetHints":{"allow":["GET"]}}],"collection":[{"href":"https:\/\/linitiative.ca\/International\/wp-json\/wp\/v2\/posts"}],"about":[{"href":"https:\/\/linitiative.ca\/International\/wp-json\/wp\/v2\/types\/post"}],"author":[{"embeddable":true,"href":"https:\/\/linitiative.ca\/International\/wp-json\/wp\/v2\/users\/1742"}],"replies":[{"embeddable":true,"href":"https:\/\/linitiative.ca\/International\/wp-json\/wp\/v2\/comments?post=40355"}],"version-history":[{"count":0,"href":"https:\/\/linitiative.ca\/International\/wp-json\/wp\/v2\/posts\/40355\/revisions"}],"wp:attachment":[{"href":"https:\/\/linitiative.ca\/International\/wp-json\/wp\/v2\/media?parent=40355"}],"wp:term":[{"taxonomy":"category","embeddable":true,"href":"https:\/\/linitiative.ca\/International\/wp-json\/wp\/v2\/categories?post=40355"},{"taxonomy":"post_tag","embeddable":true,"href":"https:\/\/linitiative.ca\/International\/wp-json\/wp\/v2\/tags?post=40355"}],"curies":[{"name":"wp","href":"https:\/\/api.w.org\/{rel}","templated":true}]}}