{"id":40356,"date":"2019-06-13T06:00:00","date_gmt":"2019-06-13T10:00:00","guid":{"rendered":"https:\/\/linitiative.ca\/International\/le-president-de-less-condamne-a-5-ans-de-prison-ferme\/"},"modified":"2019-06-13T06:00:00","modified_gmt":"2019-06-13T10:00:00","slug":"le-president-de-less-condamne-a-5-ans-de-prison-ferme","status":"publish","type":"post","link":"https:\/\/linitiative.ca\/International\/le-president-de-less-condamne-a-5-ans-de-prison-ferme\/","title":{"rendered":"Le pr\u00e9sident de l\u2019ESS condamn\u00e9 \u00e0 5 ans de prison ferme"},"content":{"rendered":"<div id=\"originalText\" readability=\"53\">\n<p>Accus\u00e9 d\u2019abus de confiance et de dilapidation de deniers d\u2019une soci\u00e9t\u00e9 priv\u00e9e et faux et usage de faux, le pr\u00e9sident de l\u2019Entente de S\u00e9tif et ex-pr\u00e9sident de la coop\u00e9rative Oum El-Hayat de S\u00e9tif a \u00e9t\u00e9 condamn\u00e9, hier, par contumace (proc\u00e8s en appel) \u00e0 cinq ans de prison ferme. Le jugement d\u00e9finitif de la cour vient confirmer la condamnation aussi par contumace rendue publique au mois de novembre 2017, au niveau du tribunal de premi\u00e8re instance de S\u00e9tif, ainsi que 14 autres accus\u00e9s rejug\u00e9s. La gen\u00e8se de cette affaire date de 1999 lorsque Hamar en compagnie d\u2019une centaine de coop\u00e9rateurs ont acquis une parcelle de terrain de quatre hectares \u00e0 la cit\u00e9 Gaoua pour y \u00e9riger une coop\u00e9rative immobili\u00e8re de constructions individuelles.\u00a0<\/p>\n<p>Depuis, le nombre de b\u00e9n\u00e9ficiaires de lots de terrain ne cesse d\u2019augmenter et, par ricochet, les parcelles se r\u00e9tr\u00e9cissent (lire nos articles du 28 janvier 2013 et du 27 mai 2014). Les lots de terrain sont vendus. Le pot aux roses a \u00e9t\u00e9 d\u00e9couvert en 2013 lorsque pas moins de 70 b\u00e9n\u00e9ficiaires fondateurs ont \u00e9t\u00e9 \u00e9cart\u00e9s pour \u00eatre remplac\u00e9s par d\u2019autres. Le nombre des coop\u00e9rateurs est pass\u00e9, selon l\u2019acte d\u00e9livr\u00e9 le\u00a026 d\u00e9cembre 2006, de 137 \u00e0\u00a0\u00a0271 personnes. Ainsi, les normes ont \u00e9t\u00e9 d\u00e9pass\u00e9es et certains des premiers b\u00e9n\u00e9ficiaires, qui ont pay\u00e9 rubis sur l\u2019ongle des lots de 250 et 300 m2, se sont retrouv\u00e9s avec des lots de terrain de 100 m2.\u00a0<br \/>\u00a0<\/p>\n<p class=\"c10\"><strong>FAOUZI SENOUSSAOUI<\/strong><\/p>\n<\/div>\n<div id=\"text_core\" readability=\"53\">\n<p>Accus\u00e9 d\u2019abus de confiance et de dilapidation de deniers d\u2019une soci\u00e9t\u00e9 priv\u00e9e et faux et usage de faux, le pr\u00e9sident de l\u2019Entente de S\u00e9tif et ex-pr\u00e9sident de la coop\u00e9rative Oum El-Hayat de S\u00e9tif a \u00e9t\u00e9 condamn\u00e9, hier, par contumace (proc\u00e8s en appel) \u00e0 cinq ans de prison ferme. Le jugement d\u00e9finitif de la cour vient confirmer la condamnation aussi par contumace rendue publique au mois de novembre 2017, au niveau du tribunal de premi\u00e8re instance de S\u00e9tif, ainsi que 14 autres accus\u00e9s rejug\u00e9s. La gen\u00e8se de cette affaire date de 1999 lorsque Hamar en compagnie d\u2019une centaine de coop\u00e9rateurs ont acquis une parcelle de terrain de quatre hectares \u00e0 la cit\u00e9 Gaoua pour y \u00e9riger une coop\u00e9rative immobili\u00e8re de constructions individuelles.\u00a0<\/p>\n<p>Depuis, le nombre de b\u00e9n\u00e9ficiaires de lots de terrain ne cesse d\u2019augmenter et, par ricochet, les parcelles se r\u00e9tr\u00e9cissent (lire nos articles du 28 janvier 2013 et du 27 mai 2014). Les lots de terrain sont vendus. Le pot aux roses a \u00e9t\u00e9 d\u00e9couvert en 2013 lorsque pas moins de 70 b\u00e9n\u00e9ficiaires fondateurs ont \u00e9t\u00e9 \u00e9cart\u00e9s pour \u00eatre remplac\u00e9s par d\u2019autres. Le nombre des coop\u00e9rateurs est pass\u00e9, selon l\u2019acte d\u00e9livr\u00e9 le\u00a026 d\u00e9cembre 2006, de 137 \u00e0\u00a0\u00a0271 personnes. Ainsi, les normes ont \u00e9t\u00e9 d\u00e9pass\u00e9es et certains des premiers b\u00e9n\u00e9ficiaires, qui ont pay\u00e9 rubis sur l\u2019ongle des lots de 250 et 300 m2, se sont retrouv\u00e9s avec des lots de terrain de 100 m2.\u00a0<br \/>\u00a0<\/p>\n<p class=\"c10\"><strong>FAOUZI SENOUSSAOUI<\/strong><\/p>\n<\/div>\n<p>Auteur:<br \/>\n<a href=\"https:\/\/www.liberte-algerie.com\/actualite\/le-president-de-less-condamne-a-5-ans-de-prison-ferme-317724\">Cliquez ici pour lire l&rsquo;article depuis sa source.<\/a><\/p>\n","protected":false},"excerpt":{"rendered":"<p>Accus\u00e9 d\u2019abus de confiance et de dilapidation de deniers d\u2019une soci\u00e9t\u00e9 priv\u00e9e et faux et usage de faux, le pr\u00e9sident de l\u2019Entente de S\u00e9tif et ex-pr\u00e9sident de la coop\u00e9rative Oum El-Hayat de S\u00e9tif a \u00e9t\u00e9 condamn\u00e9, hier, par contumace (proc\u00e8s en appel) \u00e0 cinq ans de prison ferme. Le jugement d\u00e9finitif de la cour vient [&hellip;]<\/p>\n","protected":false},"author":1742,"featured_media":0,"comment_status":"closed","ping_status":"closed","sticky":false,"template":"","format":"standard","meta":{"fifu_image_url":"","fifu_image_alt":"","footnotes":""},"categories":[73,53],"tags":[],"class_list":["post-40356","post","type-post","status-publish","format-standard","hentry","category-actualite","category-algerie"],"_links":{"self":[{"href":"https:\/\/linitiative.ca\/International\/wp-json\/wp\/v2\/posts\/40356","targetHints":{"allow":["GET"]}}],"collection":[{"href":"https:\/\/linitiative.ca\/International\/wp-json\/wp\/v2\/posts"}],"about":[{"href":"https:\/\/linitiative.ca\/International\/wp-json\/wp\/v2\/types\/post"}],"author":[{"embeddable":true,"href":"https:\/\/linitiative.ca\/International\/wp-json\/wp\/v2\/users\/1742"}],"replies":[{"embeddable":true,"href":"https:\/\/linitiative.ca\/International\/wp-json\/wp\/v2\/comments?post=40356"}],"version-history":[{"count":0,"href":"https:\/\/linitiative.ca\/International\/wp-json\/wp\/v2\/posts\/40356\/revisions"}],"wp:attachment":[{"href":"https:\/\/linitiative.ca\/International\/wp-json\/wp\/v2\/media?parent=40356"}],"wp:term":[{"taxonomy":"category","embeddable":true,"href":"https:\/\/linitiative.ca\/International\/wp-json\/wp\/v2\/categories?post=40356"},{"taxonomy":"post_tag","embeddable":true,"href":"https:\/\/linitiative.ca\/International\/wp-json\/wp\/v2\/tags?post=40356"}],"curies":[{"name":"wp","href":"https:\/\/api.w.org\/{rel}","templated":true}]}}