{"id":40358,"date":"2019-06-13T06:00:00","date_gmt":"2019-06-13T10:00:00","guid":{"rendered":"https:\/\/linitiative.ca\/International\/le-conservateur-foncier-mis-en-examen\/"},"modified":"2019-06-13T06:00:00","modified_gmt":"2019-06-13T10:00:00","slug":"le-conservateur-foncier-mis-en-examen","status":"publish","type":"post","link":"https:\/\/linitiative.ca\/International\/le-conservateur-foncier-mis-en-examen\/","title":{"rendered":"Le conservateur foncier mis en examen"},"content":{"rendered":"<div id=\"originalText\" readability=\"37\">\n<p class=\"c10\">Le conservateur foncier de Ghazaouet (Tlemcen) et son adjoint ont \u00e9t\u00e9 mis en examen, mardi dernier, par le procureur de la R\u00e9publique pr\u00e8s le tribunal de Tlemcen pour faux et usage de faux et fausses d\u00e9clarations. Il leur est notamment reproch\u00e9 d\u2019avoir annul\u00e9 un livret foncier d\u2019un propri\u00e9taire d\u2019une parcelle de 1 600 m2 et d\u00e9livr\u00e9 un autre entach\u00e9 d\u2019irr\u00e9gularit\u00e9s \u00e0 une tierce personne.\u00a0L\u2019enqu\u00eate devrait permettre de situer la responsabilit\u00e9 de chacun d\u2019eux dans le traitement des dossiers en rapport avec le foncier et les ramifications avec \u00e9ventuellement d\u2019autres parties concern\u00e9es par cette action judiciaire. Les espaces urbains et m\u00eame les terres agricoles de la localit\u00e9 baln\u00e9aire de Ghazaouet ont toujours suscit\u00e9 la convoitise de ceux voulant les accaparer ill\u00e9galement pour r\u00e9aliser des villas \u00e0 revendre au prix d\u2019or ou \u00e0 c\u00e9der des parcelles strat\u00e9giques \u00e0 des prix qui d\u00e9passent l\u2019entendement (plusieurs milliards de centimes).\u00a0<br \/>\u00a0<\/p>\n<p class=\"c11\"><strong>B. A.<\/strong><\/p>\n<\/div>\n<div id=\"text_core\" readability=\"37\">\n<p class=\"c10\">Le conservateur foncier de Ghazaouet (Tlemcen) et son adjoint ont \u00e9t\u00e9 mis en examen, mardi dernier, par le procureur de la R\u00e9publique pr\u00e8s le tribunal de Tlemcen pour faux et usage de faux et fausses d\u00e9clarations. Il leur est notamment reproch\u00e9 d\u2019avoir annul\u00e9 un livret foncier d\u2019un propri\u00e9taire d\u2019une parcelle de 1 600 m2 et d\u00e9livr\u00e9 un autre entach\u00e9 d\u2019irr\u00e9gularit\u00e9s \u00e0 une tierce personne.\u00a0L\u2019enqu\u00eate devrait permettre de situer la responsabilit\u00e9 de chacun d\u2019eux dans le traitement des dossiers en rapport avec le foncier et les ramifications avec \u00e9ventuellement d\u2019autres parties concern\u00e9es par cette action judiciaire. Les espaces urbains et m\u00eame les terres agricoles de la localit\u00e9 baln\u00e9aire de Ghazaouet ont toujours suscit\u00e9 la convoitise de ceux voulant les accaparer ill\u00e9galement pour r\u00e9aliser des villas \u00e0 revendre au prix d\u2019or ou \u00e0 c\u00e9der des parcelles strat\u00e9giques \u00e0 des prix qui d\u00e9passent l\u2019entendement (plusieurs milliards de centimes).\u00a0<br \/>\u00a0<\/p>\n<p class=\"c11\"><strong>B. A.<\/strong><\/p>\n<\/div>\n<p>Auteur:<br \/>\n<a href=\"https:\/\/www.liberte-algerie.com\/actualite\/le-conservateur-foncier-mis-en-examen-317722\">Cliquez ici pour lire l&rsquo;article depuis sa source.<\/a><\/p>\n","protected":false},"excerpt":{"rendered":"<p>Le conservateur foncier de Ghazaouet (Tlemcen) et son adjoint ont \u00e9t\u00e9 mis en examen, mardi dernier, par le procureur de la R\u00e9publique pr\u00e8s le tribunal de Tlemcen pour faux et usage de faux et fausses d\u00e9clarations. Il leur est notamment reproch\u00e9 d\u2019avoir annul\u00e9 un livret foncier d\u2019un propri\u00e9taire d\u2019une parcelle de 1 600 m2 et [&hellip;]<\/p>\n","protected":false},"author":1742,"featured_media":0,"comment_status":"closed","ping_status":"closed","sticky":false,"template":"","format":"standard","meta":{"fifu_image_url":"","fifu_image_alt":"","footnotes":""},"categories":[73,53],"tags":[],"class_list":["post-40358","post","type-post","status-publish","format-standard","hentry","category-actualite","category-algerie"],"_links":{"self":[{"href":"https:\/\/linitiative.ca\/International\/wp-json\/wp\/v2\/posts\/40358","targetHints":{"allow":["GET"]}}],"collection":[{"href":"https:\/\/linitiative.ca\/International\/wp-json\/wp\/v2\/posts"}],"about":[{"href":"https:\/\/linitiative.ca\/International\/wp-json\/wp\/v2\/types\/post"}],"author":[{"embeddable":true,"href":"https:\/\/linitiative.ca\/International\/wp-json\/wp\/v2\/users\/1742"}],"replies":[{"embeddable":true,"href":"https:\/\/linitiative.ca\/International\/wp-json\/wp\/v2\/comments?post=40358"}],"version-history":[{"count":0,"href":"https:\/\/linitiative.ca\/International\/wp-json\/wp\/v2\/posts\/40358\/revisions"}],"wp:attachment":[{"href":"https:\/\/linitiative.ca\/International\/wp-json\/wp\/v2\/media?parent=40358"}],"wp:term":[{"taxonomy":"category","embeddable":true,"href":"https:\/\/linitiative.ca\/International\/wp-json\/wp\/v2\/categories?post=40358"},{"taxonomy":"post_tag","embeddable":true,"href":"https:\/\/linitiative.ca\/International\/wp-json\/wp\/v2\/tags?post=40358"}],"curies":[{"name":"wp","href":"https:\/\/api.w.org\/{rel}","templated":true}]}}