{"id":40362,"date":"2019-06-12T18:57:03","date_gmt":"2019-06-12T22:57:03","guid":{"rendered":"https:\/\/linitiative.ca\/International\/peche-durable-la-fao-salue-les-avancees-en-mediterranee\/"},"modified":"2019-06-12T18:57:03","modified_gmt":"2019-06-12T22:57:03","slug":"peche-durable-la-fao-salue-les-avancees-en-mediterranee","status":"publish","type":"post","link":"https:\/\/linitiative.ca\/International\/peche-durable-la-fao-salue-les-avancees-en-mediterranee\/","title":{"rendered":"P\u00eache durable: La FAO salue les avanc\u00e9es en M\u00e9diterran\u00e9e"},"content":{"rendered":"<div readability=\"40\">\n<p>Marrakech \u2013 Le directeur g\u00e9n\u00e9ral adjoint du d\u00e9partement des p\u00eaches et de l\u2019aquaculture \u00e0 la FAO, M. Arni Mathiesen, a soulign\u00e9, mercredi \u00e0 Marrakech, qu\u2019il reste encore beaucoup \u00e0 faire pour concr\u00e9tiser les engagements pris dans le cadre de la D\u00e9claration \u00ab\u00a0MedFish4Ever\u00a0\u00bb, tout en saluant les importantes avanc\u00e9es r\u00e9alis\u00e9es deux ann\u00e9es apr\u00e8s sa signature en 2017 \u00e0 Malte en vue d\u2019assurer la durabilit\u00e9 des p\u00eaches.<\/p>\n<\/div>\n<div readability=\"150\">\n<p>Intervenant \u00e0 l\u2019ouverture des travaux de la Conf\u00e9rence de haut niveau de la Commission G\u00e9n\u00e9rale des P\u00eaches pour la M\u00e9diterran\u00e9e (CGPM) sur les initiatives \u00ab\u00a0MedFish4Ever\u00a0\u00bb, M. Mathiesen a tenu \u00e0 saluer les progr\u00e8s \u00ab\u00a0significatifs\u00a0\u00bb accomplis et les efforts soutenus d\u00e9ploy\u00e9s par les pays signataires du pourtour m\u00e9diterran\u00e9en pour garantir le d\u00e9veloppement socio-\u00e9conomique des p\u00eacheurs et la durabilit\u00e9 de la p\u00eache dans la r\u00e9gion, ajoutant que ces efforts et actions demeurent, toutefois, \u00ab\u00a0insuffisants\u00a0\u00bb pour assurer la r\u00e9ussite optimale de cette initiative.<\/p>\n<p>La r\u00e9alisation des objectifs fix\u00e9s exige la conjugaison des efforts de toutes les parties et partenaires en vue d\u2019honorer les engagements pris \u00e0 Malte en 2017 suite \u00e0 l\u2019adoption de la D\u00e9claration \u00ab\u00a0MedFish4Ever\u00a0\u00bb, a-t-il dit.<\/p>\n<p>Et le responsable de mettre l\u2019accent sur la n\u00e9cessit\u00e9 de la coordination de ces efforts collectifs et de la f\u00e9d\u00e9ration des \u00e9nergies pour parvenir aux objectifs escompt\u00e9s, tout en insistant sur l\u2019imp\u00e9ratif du partage des connaissances et des donn\u00e9es, notamment scientifiques, ainsi que des exp\u00e9riences et expertises li\u00e9es \u00e0 ce secteur vital pour une grande partie de la population de la r\u00e9gion de la M\u00e9diterran\u00e9e.<\/p>\n<p>Il a, dans ce cadre, mis en avant l\u2019importance de travailler main dans la main dans le cadre d\u2019une \u00ab\u00a0solidarit\u00e9 collective\u00a0\u00bb pour atteindre les objectifs escompt\u00e9s conform\u00e9ment \u00e0 \u00ab\u00a0MedFish4Ever\u00a0\u00bb, r\u00e9it\u00e9rant le soutien de la FAO aux actions men\u00e9es et aux efforts entrepris dans le cadre de cette D\u00e9claration qui demeure au coeur de l\u2019agenda de l\u2019agence onusienne.<\/p>\n<p>M. Mathiesen a aussi indiqu\u00e9 que la pr\u00e9sence de plusieurs ministres, hauts responsables et professionnels du secteur de la p\u00eache dans les pays du pourtour m\u00e9diterran\u00e9en \u00e0 cette Conf\u00e9rence de haut niveau permettra de donner une nouvelle impulsion \u00e0 \u00ab\u00a0MedFish4Ever\u00a0\u00bb au service d\u2019une r\u00e9gion m\u00e9diterran\u00e9enne r\u00e9siliente et durable.<\/p>\n<p>De son c\u00f4t\u00e9, le pr\u00e9sident de la CGPM, Roland Kristo, a affirm\u00e9 qu\u2019apr\u00e8s la signature de la D\u00e9claration \u00ab\u00a0MedFish4Ever\u00a0\u00bb, d\u2019importantes avanc\u00e9es ont \u00e9t\u00e9 r\u00e9alis\u00e9es par les 16 pays signataires en vue de garantir la durabilit\u00e9 sociale, \u00e9conomique et environnementale de la p\u00eache dans la r\u00e9gion, tout en rappelant que des pas importants ont \u00e9t\u00e9 entrepris sur la voie de l\u2019\u00e9radication de la p\u00eache INDNR (P\u00eache ill\u00e9gale, non d\u00e9clar\u00e9e et non r\u00e9glement\u00e9e) et la promotion de la p\u00eache artisanale.<\/p>\n<p>Relevant l\u2019importance de la durabilit\u00e9 de la p\u00eache et de l\u2019aquaculture pour assurer le d\u00e9veloppement durable, M. Kristo a pr\u00e9cis\u00e9 qu\u2019une pl\u00e9thore d\u2019engagements, qui refl\u00e8tent de nombreux ODD, ont \u00e9t\u00e9 pris dans le cadre de ladite D\u00e9claration qui permettra une meilleure gestion sur le long terme des stocks de poissons.<\/p>\n<p>Il a, en outre, plaid\u00e9 pour le soutien de cette initiative afin qu\u2019elle soit une r\u00e9alit\u00e9 inscrite dans la durabilit\u00e9, tout en appelant au d\u00e9veloppement de partenariats \u00ab\u00a0novateurs\u00a0\u00bb pour garantir la comp\u00e9titivit\u00e9 et la prosp\u00e9rit\u00e9 du secteur de la p\u00eache.<\/p>\n<p>Mettant en relief les menaces auxquelles sont confront\u00e9s les stocks de poissons dans l\u2019ensemble de la r\u00e9gion de la M\u00e9diterran\u00e9e, M. Kristo a fait remarquer que la CGPM continue de soutenir les pays signataires pour traduire dans les faits les objectifs de \u00ab\u00a0MedFish4Ever\u00a0\u00bb avec l\u2019appui de la FAO et ce, en vue d\u2019assurer un avenir durable \u00e0 la population actuelle et aux g\u00e9n\u00e9rations montantes.<\/p>\n<p>Et de soutenir que \u00ab\u00a0nous ne sommes pas ici pour c\u00e9l\u00e9brer les avanc\u00e9es r\u00e9alis\u00e9es mais pour r\u00e9it\u00e9rer l\u2019engagement d\u2019aller de l\u2019avant en vue d\u2019atteindre les objectifs de la D\u00e9claration de Malte au service d\u2019une meilleure gestion et gouvernance des p\u00eaches\u00a0\u00bb.<\/p>\n<p>Pour sa part, le Commissaire europ\u00e9en \u00e0 l\u2019environnement, aux affaires maritimes et \u00e0 la p\u00eache, M. Karmenu Vella a indiqu\u00e9 qu\u2019une nouvelle page de l\u2019Histoire a \u00e9t\u00e9 \u00e9crite avec la signature \u00e0 Malte de la D\u00e9claration \u00ab\u00a0MedFish4Ever\u00a0\u00bb en vue de lutter contre les menaces et pressions auxquels fait face le secteur de la p\u00eache.<\/p>\n<p>Rappelant que des mesures formelles et des actions d\u2019envergure ont \u00e9t\u00e9 men\u00e9es par les pays de la r\u00e9gion pour cr\u00e9er un cadre appropri\u00e9 de gestion durable des p\u00eacheries, il a not\u00e9 que cette Conf\u00e9rence constitue une occasion pour l\u2019\u00e9valuation du chemin parcouru et des pas franchis deux ann\u00e9es apr\u00e8s la signature de la D\u00e9claration de Malte.<\/p>\n<p>Dans ce cadre, il a indiqu\u00e9 qu\u2019une s\u00e9rie de d\u00e9cisions ont \u00e9t\u00e9 adopt\u00e9es en vue de renforcer la coop\u00e9ration r\u00e9gionale et une panoplie de mesures ont \u00e9t\u00e9 entreprises pour la protection sociale des p\u00eacheurs et la lutte contre la p\u00eache INDNR.<\/p>\n<p>Soulignant l\u2019importance de cette approche sous-r\u00e9gionale en vue de relever, dans un esprit de solidarit\u00e9 et de partenariat, les d\u00e9fis et faire face aux contraintes qui p\u00e8sent sur le secteur dans la r\u00e9gion de la M\u00e9diterran\u00e9e, de promouvoir la p\u00eache artisanale et de renforcer la collecte des donn\u00e9es scientifiques d\u00e9di\u00e9es aux p\u00eaches, M. Vella a estim\u00e9 que les premi\u00e8res conclusions font ressortir des r\u00e9sultats \u00ab\u00a0encourageants\u00a0\u00bb pour garantir un avenir prosp\u00e8re pour ce secteur.<\/p>\n<p>Et d\u2019affirmer, en conclusion, le devoir et l\u2019obligation d\u2019oeuvrer ensemble car il n\u2019existe pas d\u2019autre \u00ab\u00a0solution de rechange\u00a0\u00bb pour assurer le futur du secteur de la p\u00eache, de la population et des communaut\u00e9s c\u00f4ti\u00e8res, et des g\u00e9n\u00e9rations montantes dans la r\u00e9gion de la M\u00e9diterran\u00e9e.<\/p>\n<p>Les travaux de cette Conf\u00e9rence de haut niveau ont \u00e9t\u00e9 marqu\u00e9s par la projection d\u2019un film documentaire: \u00ab\u00a0Qu\u2019est ce que la p\u00eache pour les peuples de la M\u00e9diterran\u00e9e?\u00a0\u00bb qui jette la lumi\u00e8re, \u00e0 travers des t\u00e9moignages de p\u00eacheurs issus de diff\u00e9rents pays du pourtour m\u00e9diterran\u00e9en, sur l\u2019importance vitale que joue le secteur de la p\u00eache sur les plans \u00e9conomique et social et les menaces qui guettent les richesses halieutiques en raison de plusieurs facteurs tels que l\u2019activit\u00e9 humaine, la pollution, la surp\u00eache et les effets des changements climatiques.<\/p>\n<\/div>\n<p>Auteur: Meriem IGASS<br \/>\n<a href=\"http:\/\/www.mapmarrakech.ma\/fr\/mediterranee-la-fao-salue-les-avancees-en-termes-de-peche-durable\/\">Cliquez ici pour lire l&rsquo;article depuis sa source.<\/a><\/p>\n","protected":false},"excerpt":{"rendered":"<p>Marrakech \u2013 Le directeur g\u00e9n\u00e9ral adjoint du d\u00e9partement des p\u00eaches et de l\u2019aquaculture \u00e0 la FAO, M. Arni Mathiesen, a soulign\u00e9, mercredi \u00e0 Marrakech, qu\u2019il reste encore beaucoup \u00e0 faire pour concr\u00e9tiser les engagements pris dans le cadre de la D\u00e9claration \u00ab\u00a0MedFish4Ever\u00a0\u00bb, tout en saluant les importantes avanc\u00e9es r\u00e9alis\u00e9es deux ann\u00e9es apr\u00e8s sa signature en [&hellip;]<\/p>\n","protected":false},"author":1788,"featured_media":0,"comment_status":"closed","ping_status":"closed","sticky":false,"template":"","format":"standard","meta":{"fifu_image_url":"","fifu_image_alt":"","footnotes":""},"categories":[54,76],"tags":[],"class_list":["post-40362","post","type-post","status-publish","format-standard","hentry","category-maroc","category-regions"],"_links":{"self":[{"href":"https:\/\/linitiative.ca\/International\/wp-json\/wp\/v2\/posts\/40362","targetHints":{"allow":["GET"]}}],"collection":[{"href":"https:\/\/linitiative.ca\/International\/wp-json\/wp\/v2\/posts"}],"about":[{"href":"https:\/\/linitiative.ca\/International\/wp-json\/wp\/v2\/types\/post"}],"author":[{"embeddable":true,"href":"https:\/\/linitiative.ca\/International\/wp-json\/wp\/v2\/users\/1788"}],"replies":[{"embeddable":true,"href":"https:\/\/linitiative.ca\/International\/wp-json\/wp\/v2\/comments?post=40362"}],"version-history":[{"count":0,"href":"https:\/\/linitiative.ca\/International\/wp-json\/wp\/v2\/posts\/40362\/revisions"}],"wp:attachment":[{"href":"https:\/\/linitiative.ca\/International\/wp-json\/wp\/v2\/media?parent=40362"}],"wp:term":[{"taxonomy":"category","embeddable":true,"href":"https:\/\/linitiative.ca\/International\/wp-json\/wp\/v2\/categories?post=40362"},{"taxonomy":"post_tag","embeddable":true,"href":"https:\/\/linitiative.ca\/International\/wp-json\/wp\/v2\/tags?post=40362"}],"curies":[{"name":"wp","href":"https:\/\/api.w.org\/{rel}","templated":true}]}}