{"id":40363,"date":"2019-06-12T19:29:12","date_gmt":"2019-06-12T23:29:12","guid":{"rendered":"https:\/\/linitiative.ca\/International\/peche-entretiens-de-m-akhannouch-avec-m-planas-puchades\/"},"modified":"2019-06-12T19:29:12","modified_gmt":"2019-06-12T23:29:12","slug":"peche-entretiens-de-m-akhannouch-avec-m-planas-puchades","status":"publish","type":"post","link":"https:\/\/linitiative.ca\/International\/peche-entretiens-de-m-akhannouch-avec-m-planas-puchades\/","title":{"rendered":"P\u00eache: Entretiens de M. Akhannouch avec M. Planas Puchades"},"content":{"rendered":"<div class=\"single-featured\"><img alt=\"\" data-src=\"http:\/\/www.mapmarrakech.ma\/map\/uploads\/2019\/06\/entretienakhannespagnol-copier.jpg\"\/><\/div>\n<div class=\"single-post-excerpt post-excerpt-bc\" readability=\"44\">\n<p>Marrakech \u2013 Le ministre de l\u2019Agriculture, de la P\u00eache maritime, des Eaux et For\u00eats et du D\u00e9veloppement durable, Aziz Akhannouch a eu, mercredi \u00e0 Marrakech, des entretiens avec le ministre espagnol de l\u2019Agriculture, de la P\u00eache et de l\u2019Alimentation, Luis Planas Puchades, ax\u00e9s notamment sur la coop\u00e9ration bilat\u00e9rale, en particulier dans le domaine de la p\u00eache.<\/p>\n<\/div>\n<div class=\"entry-content clearfix single-post-content\" readability=\"72\">\n<p>Cette rencontre, tenue en marge de la participation des deux ministres \u00e0 la Conf\u00e9rence de haut niveau de la Commission G\u00e9n\u00e9rale des P\u00eaches pour la M\u00e9diterran\u00e9e (CGPM) sur les initiatives \u00ab\u00a0MedFish4Ever\u00a0\u00bb, a \u00e9t\u00e9 l\u2019occasion pour les deux parties d\u2019\u00e9voquer le nouvel accord de p\u00eache entre le Maroc et l\u2019Union Europ\u00e9enne, qui devrait \u00eatre approuv\u00e9 par le parlement marocain apr\u00e8s son adoption, le 4 juin, en conseil des ministres, ainsi que la coop\u00e9ration bilat\u00e9rale en mati\u00e8re d\u2019activit\u00e9 de la flotte espagnole dans les eaux marocaines.<\/p>\n<p>MM. Akhannouch et Planas Puchades ont fait part, \u00e0 cette occasion, de leur engagement \u00e0 examiner les moyens \u00e0 m\u00eame d\u2019insuffler une nouvelle dynamique au partenariat bilat\u00e9ral entre le Maroc et l\u2019Espagne, tout en insistant sur l\u2019importance d\u2019assouplir les proc\u00e9dures d\u2019exportation des produits de la p\u00eache.<\/p>\n<p>Les deux ministres ont, en outre, pass\u00e9 en revue les perspectives de la coop\u00e9ration en mati\u00e8re de recherche dans le domaine phytosanitaire, soulignant leur engagement \u00e0 explorer les moyens susceptibles d\u2019assurer un contr\u00f4le strict pour le respect des normes internationales dans le domaine de la p\u00eache.<\/p>\n<p>Les deux responsables ont, par ailleurs, abord\u00e9 l\u2019accostage, le 1er juillet prochain dans les eaux marocaines, du bateau de coop\u00e9ration en mati\u00e8re de p\u00eache \u00ab\u00a0Intermares\u00a0\u00bb.<\/p>\n<p>\u00ab\u00a0Intermares\u00a0\u00bb, qui va accoster \u00e0 Nador pour une dur\u00e9e de 5 semaines, est un navire appartenant au minist\u00e8re espagnol de l\u2019Agriculture, de la P\u00eache et de l\u2019Alimentation et g\u00e9r\u00e9 par le minist\u00e8re de la D\u00e9fense d\u2019Espagne. Il a pour t\u00e2che fondamentale la formation nautique \u00e0 la p\u00eache et la formation technique.<\/p>\n<\/div>\n<p>Auteur: Meriem IGASS<br \/>\n<a href=\"http:\/\/www.mapmarrakech.ma\/fr\/peche-entretiens-de-m-akhannouch-avec-son-homologue-espagnol\/\">Cliquez ici pour lire l&rsquo;article depuis sa source.<\/a><\/p>\n","protected":false},"excerpt":{"rendered":"<p>Marrakech \u2013 Le ministre de l\u2019Agriculture, de la P\u00eache maritime, des Eaux et For\u00eats et du D\u00e9veloppement durable, Aziz Akhannouch a eu, mercredi \u00e0 Marrakech, des entretiens avec le ministre espagnol de l\u2019Agriculture, de la P\u00eache et de l\u2019Alimentation, Luis Planas Puchades, ax\u00e9s notamment sur la coop\u00e9ration bilat\u00e9rale, en particulier dans le domaine de la [&hellip;]<\/p>\n","protected":false},"author":1788,"featured_media":40364,"comment_status":"closed","ping_status":"closed","sticky":false,"template":"","format":"standard","meta":{"fifu_image_url":"","fifu_image_alt":"","footnotes":""},"categories":[54,76],"tags":[],"class_list":["post-40363","post","type-post","status-publish","format-standard","has-post-thumbnail","hentry","category-maroc","category-regions"],"_links":{"self":[{"href":"https:\/\/linitiative.ca\/International\/wp-json\/wp\/v2\/posts\/40363","targetHints":{"allow":["GET"]}}],"collection":[{"href":"https:\/\/linitiative.ca\/International\/wp-json\/wp\/v2\/posts"}],"about":[{"href":"https:\/\/linitiative.ca\/International\/wp-json\/wp\/v2\/types\/post"}],"author":[{"embeddable":true,"href":"https:\/\/linitiative.ca\/International\/wp-json\/wp\/v2\/users\/1788"}],"replies":[{"embeddable":true,"href":"https:\/\/linitiative.ca\/International\/wp-json\/wp\/v2\/comments?post=40363"}],"version-history":[{"count":0,"href":"https:\/\/linitiative.ca\/International\/wp-json\/wp\/v2\/posts\/40363\/revisions"}],"wp:featuredmedia":[{"embeddable":true,"href":"https:\/\/linitiative.ca\/International\/wp-json\/"}],"wp:attachment":[{"href":"https:\/\/linitiative.ca\/International\/wp-json\/wp\/v2\/media?parent=40363"}],"wp:term":[{"taxonomy":"category","embeddable":true,"href":"https:\/\/linitiative.ca\/International\/wp-json\/wp\/v2\/categories?post=40363"},{"taxonomy":"post_tag","embeddable":true,"href":"https:\/\/linitiative.ca\/International\/wp-json\/wp\/v2\/tags?post=40363"}],"curies":[{"name":"wp","href":"https:\/\/api.w.org\/{rel}","templated":true}]}}