{"id":40365,"date":"2019-06-12T20:18:32","date_gmt":"2019-06-13T00:18:32","guid":{"rendered":"https:\/\/linitiative.ca\/International\/mena-seminaire-au-profit-des-cadres-de-ladministration\/"},"modified":"2019-06-12T20:18:32","modified_gmt":"2019-06-13T00:18:32","slug":"mena-seminaire-au-profit-des-cadres-de-ladministration","status":"publish","type":"post","link":"https:\/\/linitiative.ca\/International\/mena-seminaire-au-profit-des-cadres-de-ladministration\/","title":{"rendered":"MENA: S\u00e9minaire au profit des cadres de l\u2019administration"},"content":{"rendered":"<div readability=\"37\">\n<p>Marrakech \u2013 Les travaux d\u2019un s\u00e9minaire r\u00e9gional au profit de hauts cadres de l\u2019administration issus de la r\u00e9gion Moyen Orient et Afrique du Nord (MENA) se sont ouverts mercredi, \u00e0 Marrakech, sous le th\u00e8me \u00ab\u00a0Vers un service public plus proche des citoyens : mod\u00e8les et bonnes pratiques\u00a0\u00bb.<\/p>\n<\/div>\n<div readability=\"111\">\n<p>Organis\u00e9e par la Commission europ\u00e9enne pour la d\u00e9mocratie par le droit (commission de Venise) en collaboration avec le minist\u00e8re de la r\u00e9forme de l\u2019administration et de la fonction publique, cette rencontre rentre dans le cadre d\u2019un programme r\u00e9gional pour la promotion des comp\u00e9tences des hauts cadres de l\u2019administration publique dans la r\u00e9gion MENA dans des th\u00e9matiques se rapportant \u00e0 l\u2019appui \u00e0 la r\u00e9gionalisation avanc\u00e9e et le rapprochement de l\u2019administration des citoyens.<\/p>\n<p>Les pays b\u00e9n\u00e9ficiant de ce programme de formation dans les th\u00e9matiques de l\u2019Etat de droit, la bonne gouvernance et les droits de l\u2019Homme sont la Libye, l\u2019Alg\u00e9rie, la Tunisie, la Mauritanie, l\u2019Egypte, la Palestine, la Jordanie, le Liban et le Maroc.<\/p>\n<p>Intervenant \u00e0 la c\u00e9r\u00e9monie d\u2019ouverture de cette rencontre, le ministre d\u00e9l\u00e9gu\u00e9 charg\u00e9 de la r\u00e9forme de l\u2019administration et de la fonction publique, Mohamed Benabdelkader, a soulign\u00e9 que la d\u00e9centralisation et la d\u00e9concentration, qui n\u00e9cessitent la r\u00e9partition territoriale des attributions et du pouvoir administratif, le renforcement de la d\u00e9mocratie locale et la facilitation des proc\u00e9dures administratives, repr\u00e9sentent des m\u00e9canismes importants pour rapprocher l\u2019administration du citoyen.<\/p>\n<p>Il a en outre, relev\u00e9 que l\u2019administration est appel\u00e9e \u00e0 se doter de m\u00e9canismes et de canaux de communication avec les citoyens afin d\u2019\u00eatre au courant de leurs aspirations, besoins et attentes.<\/p>\n<p>Concernant l\u2019exp\u00e9rience marocaine, M. Benabdelkader a fait observer que le Maroc vit un grand dynamisme en relation avec le chantier de la r\u00e9forme de l\u2019administration marocaine, qui est encadr\u00e9e par un nouveau r\u00e9f\u00e9rentiel constitutionnel innovant.<\/p>\n<p>Dans ce sens, il a relev\u00e9 que la Constitution de 2011, dont plusieurs articles abordent la question de l\u2019actualisation des principes de bonne gouvernance, recommande l\u2019\u00e9laboration d\u2019une charte r\u00e9pondant aux principes de bonne gouvernance afin qu\u2019elle soit un contrat entre les usagers et l\u2019administration et comportant des r\u00e8gles morales telles que l\u2019int\u00e9grit\u00e9 et la transparence mais aussi des principes r\u00e9glementaires.<\/p>\n<p>Dans ce cadre, il a indiqu\u00e9 que le gouvernement a travaill\u00e9 ces derni\u00e8res ann\u00e9es, sur l\u2019\u00e9laboration de cette charte qui sera pr\u00e9sent\u00e9e prochainement devant le Conseil du gouvernement avant d\u2019\u00eatre soumise et examin\u00e9e par le Parlement.<\/p>\n<p>L\u2019ancien ministre tunisien de la justice de la Tunisie et membre de la Commission de Venise au titre de la Tunisie, Ghazi Jeribi, a soulign\u00e9 pour sa part, que cette commission a \u0153uvr\u00e9 en sorte qu\u2019elle soit un outil efficace et pratique en faveur de la diffusion des valeurs de la d\u00e9mocratie et l\u2019Etat de droit, notant que ce genre de rencontres est de nature \u00e0 \u00e9laborer des m\u00e9canismes pour la concr\u00e9tisation de ces valeurs dans les services administratifs qui sont en contact direct avec le citoyen.<\/p>\n<p>M.Jeribi a mis en relief les valeurs communes partag\u00e9es entre l\u2019Europe et la rive sud de la M\u00e9diterran\u00e9e, qui sont de nature \u00e0 renforcer les principes de d\u00e9mocratie locale.<\/p>\n<p>Le chef du bureau du Conseil de l\u2019Europe au Maroc, Jos\u00e9 Luis Herrero, a mis l\u2019accent sur la n\u00e9cessit\u00e9 de promouvoir l\u2019efficience des administrations publiques, mettant en relief les partenariats solides liant le Conseil de l\u2019Europe et les pays de la rive sud de la M\u00e9diterran\u00e9e, dont le programme Sud 3 financ\u00e9 par l\u2019Union europ\u00e9enne.<\/p>\n<p>Les participants \u00e0 cette rencontre de trois jours d\u00e9battront de th\u00e9matiques se rapportant \u00e0 \u00ab\u00a0une administration efficace au service des administr\u00e9s : changement de paradigme\u00a0\u00bb et \u00ab\u00a0am\u00e9liorer l\u2019interaction avec les citoyens : Bonnes pratiques\u00a0\u00bb.<\/p>\n<\/div>\n<p>Auteur: Meriem IGASS<br \/>\n<a href=\"http:\/\/www.mapmarrakech.ma\/fr\/mena-seminaire-au-profit-de-hauts-cadres-de-ladministration\/\">Cliquez ici pour lire l&rsquo;article depuis sa source.<\/a><\/p>\n","protected":false},"excerpt":{"rendered":"<p>Marrakech \u2013 Les travaux d\u2019un s\u00e9minaire r\u00e9gional au profit de hauts cadres de l\u2019administration issus de la r\u00e9gion Moyen Orient et Afrique du Nord (MENA) se sont ouverts mercredi, \u00e0 Marrakech, sous le th\u00e8me \u00ab\u00a0Vers un service public plus proche des citoyens : mod\u00e8les et bonnes pratiques\u00a0\u00bb. Organis\u00e9e par la Commission europ\u00e9enne pour la d\u00e9mocratie [&hellip;]<\/p>\n","protected":false},"author":1788,"featured_media":0,"comment_status":"closed","ping_status":"closed","sticky":false,"template":"","format":"standard","meta":{"fifu_image_url":"","fifu_image_alt":"","footnotes":""},"categories":[54,76],"tags":[],"class_list":["post-40365","post","type-post","status-publish","format-standard","hentry","category-maroc","category-regions"],"_links":{"self":[{"href":"https:\/\/linitiative.ca\/International\/wp-json\/wp\/v2\/posts\/40365","targetHints":{"allow":["GET"]}}],"collection":[{"href":"https:\/\/linitiative.ca\/International\/wp-json\/wp\/v2\/posts"}],"about":[{"href":"https:\/\/linitiative.ca\/International\/wp-json\/wp\/v2\/types\/post"}],"author":[{"embeddable":true,"href":"https:\/\/linitiative.ca\/International\/wp-json\/wp\/v2\/users\/1788"}],"replies":[{"embeddable":true,"href":"https:\/\/linitiative.ca\/International\/wp-json\/wp\/v2\/comments?post=40365"}],"version-history":[{"count":0,"href":"https:\/\/linitiative.ca\/International\/wp-json\/wp\/v2\/posts\/40365\/revisions"}],"wp:attachment":[{"href":"https:\/\/linitiative.ca\/International\/wp-json\/wp\/v2\/media?parent=40365"}],"wp:term":[{"taxonomy":"category","embeddable":true,"href":"https:\/\/linitiative.ca\/International\/wp-json\/wp\/v2\/categories?post=40365"},{"taxonomy":"post_tag","embeddable":true,"href":"https:\/\/linitiative.ca\/International\/wp-json\/wp\/v2\/tags?post=40365"}],"curies":[{"name":"wp","href":"https:\/\/api.w.org\/{rel}","templated":true}]}}