{"id":40366,"date":"2019-06-12T20:28:46","date_gmt":"2019-06-13T00:28:46","guid":{"rendered":"https:\/\/linitiative.ca\/International\/passeports-falsifies-arrestation-dun-neerlandais\/"},"modified":"2019-06-12T20:28:46","modified_gmt":"2019-06-13T00:28:46","slug":"passeports-falsifies-arrestation-dun-neerlandais","status":"publish","type":"post","link":"https:\/\/linitiative.ca\/International\/passeports-falsifies-arrestation-dun-neerlandais\/","title":{"rendered":"Passeports falsifi\u00e9s: Arrestation d\u2019un N\u00e9erlandais"},"content":{"rendered":"<div class=\"single-featured\"><img alt=\"\" data-src=\"http:\/\/www.mapmarrakech.ma\/map\/uploads\/2019\/05\/DGSN-2.jpg\"\/><\/div>\n<div class=\"single-post-excerpt post-excerpt-bc\" readability=\"38\">\n<p>Rabat \u2013 Les \u00e9l\u00e9ments du service pr\u00e9fectoral de la police judiciaire de Marrakech ont proc\u00e9d\u00e9, mercredi apr\u00e8s-midi, en coordination avec les services de la Direction g\u00e9n\u00e9rale de la surveillance du territoire (DGST), \u00e0 l\u2019arrestation d\u2019un ressortissant n\u00e9erlandais (48 ans) pour son implication pr\u00e9sum\u00e9e dans une affaire li\u00e9e \u00e0 la falsification et la vente de passeports \u00e9trangers.<\/p>\n<\/div>\n<div class=\"entry-content clearfix single-post-content\" readability=\"47\">\n<p>Selon les donn\u00e9es pr\u00e9liminaires de l\u2019enqu\u00eate, le mis en cause a propos\u00e9 de fournir un passeport \u00e9tranger \u00e0 un individu contre une somme d\u2019argent d\u2019environ 100.000 Dhs, indique la Direction g\u00e9n\u00e9rale de la s\u00fbret\u00e9 nationale (DGSN) dans un communiqu\u00e9, notant que les op\u00e9rations de perquisition ont permis la saisie de mat\u00e9riels informatiques, de supports num\u00e9riques, de machines d\u2019impression et de mat\u00e9riel d\u2019insertion d\u2019images dans les documents, outre des machines de plastification de documents et plusieurs cartes magn\u00e9tiques sans puces, soup\u00e7onn\u00e9es d\u2019\u00eatre utilis\u00e9 dans les op\u00e9rations de falsification.<\/p>\n<p>Le ressortissant n\u00e9erlandais a \u00e9t\u00e9 plac\u00e9 en garde \u00e0 vue \u00e0 la disposition de l\u2019enqu\u00eate men\u00e9e sous la supervision du parquet comp\u00e9tent en vue de d\u00e9terminer les tenants et les aboutissants de cette affaire et l\u2019ensemble des actes criminels qui lui sont attribu\u00e9s, ajoute la m\u00eame source.<\/p>\n<\/div>\n<p>Auteur: Meriem IGASS<br \/>\n<a href=\"http:\/\/www.mapmarrakech.ma\/fr\/arrestation-dun-neerlandais-pour-falsification-de-passeports-etrangers\/\">Cliquez ici pour lire l&rsquo;article depuis sa source.<\/a><\/p>\n","protected":false},"excerpt":{"rendered":"<p>Rabat \u2013 Les \u00e9l\u00e9ments du service pr\u00e9fectoral de la police judiciaire de Marrakech ont proc\u00e9d\u00e9, mercredi apr\u00e8s-midi, en coordination avec les services de la Direction g\u00e9n\u00e9rale de la surveillance du territoire (DGST), \u00e0 l\u2019arrestation d\u2019un ressortissant n\u00e9erlandais (48 ans) pour son implication pr\u00e9sum\u00e9e dans une affaire li\u00e9e \u00e0 la falsification et la vente de passeports [&hellip;]<\/p>\n","protected":false},"author":1788,"featured_media":40367,"comment_status":"closed","ping_status":"closed","sticky":false,"template":"","format":"standard","meta":{"fifu_image_url":"","fifu_image_alt":"","footnotes":""},"categories":[54,76],"tags":[],"class_list":["post-40366","post","type-post","status-publish","format-standard","has-post-thumbnail","hentry","category-maroc","category-regions"],"_links":{"self":[{"href":"https:\/\/linitiative.ca\/International\/wp-json\/wp\/v2\/posts\/40366","targetHints":{"allow":["GET"]}}],"collection":[{"href":"https:\/\/linitiative.ca\/International\/wp-json\/wp\/v2\/posts"}],"about":[{"href":"https:\/\/linitiative.ca\/International\/wp-json\/wp\/v2\/types\/post"}],"author":[{"embeddable":true,"href":"https:\/\/linitiative.ca\/International\/wp-json\/wp\/v2\/users\/1788"}],"replies":[{"embeddable":true,"href":"https:\/\/linitiative.ca\/International\/wp-json\/wp\/v2\/comments?post=40366"}],"version-history":[{"count":0,"href":"https:\/\/linitiative.ca\/International\/wp-json\/wp\/v2\/posts\/40366\/revisions"}],"wp:featuredmedia":[{"embeddable":true,"href":"https:\/\/linitiative.ca\/International\/wp-json\/"}],"wp:attachment":[{"href":"https:\/\/linitiative.ca\/International\/wp-json\/wp\/v2\/media?parent=40366"}],"wp:term":[{"taxonomy":"category","embeddable":true,"href":"https:\/\/linitiative.ca\/International\/wp-json\/wp\/v2\/categories?post=40366"},{"taxonomy":"post_tag","embeddable":true,"href":"https:\/\/linitiative.ca\/International\/wp-json\/wp\/v2\/tags?post=40366"}],"curies":[{"name":"wp","href":"https:\/\/api.w.org\/{rel}","templated":true}]}}