{"id":40368,"date":"2019-06-13T04:53:23","date_gmt":"2019-06-13T08:53:23","guid":{"rendered":"https:\/\/linitiative.ca\/International\/maroc-gambie-herve-renard-minimise-le-resultat-du-match\/"},"modified":"2019-06-13T04:53:23","modified_gmt":"2019-06-13T08:53:23","slug":"maroc-gambie-herve-renard-minimise-le-resultat-du-match","status":"publish","type":"post","link":"https:\/\/linitiative.ca\/International\/maroc-gambie-herve-renard-minimise-le-resultat-du-match\/","title":{"rendered":"Maroc-Gambie: Herv\u00e9 Renard minimise le r\u00e9sultat du match"},"content":{"rendered":"<div readability=\"35\">\n<p>Marrakech \u2013 Le s\u00e9lectionneur national, Herv\u00e9 Renard a minimis\u00e9 l\u2019impact du r\u00e9sultat du match amical Maroc-Gambie sur les pr\u00e9parations de l\u2019\u00e9quipe nationale pour la Coupe d\u2019Afrique des nations \u00ab\u00a0Egypte 2019\u00a0\u00bb.<\/p>\n<\/div>\n<div readability=\"124\">\n<p>\u00ab\u00a0J\u2019ai confiance en mes joueurs et je suis s\u00fbr qu\u2019ils vont r\u00e9aliser une bonne Coupe d\u2019Afrique des nations en Egypte\u00a0\u00bb, a-t-il dit lors d\u2019une conf\u00e9rence de presse \u00e0 l\u2019issue de ce match amical disput\u00e9 mercredi, au Grand Stade de Marrakech et qui a tourn\u00e9 en faveur de l\u2019\u00e9quipe gambienne (0-1).<\/p>\n<p>Tout en reconnaissant que l\u2019\u00e9quipe nationale a manqu\u00e9 lors de ce match, d\u2019inspiration et de fra\u00eecheur physique, M. Renard a relev\u00e9 que la CAN 2019 est une \u00e9ch\u00e9ance tr\u00e8s importante pour ce groupe, car l\u2019objectif fix\u00e9 consiste \u00e0 faire mieux que la CAN 2017, c\u2019est-\u00e0-dire atteindre au moins le dernier carr\u00e9.<\/p>\n<p>Les matches amicaux ne sont pas pour moi l\u2019essentiel, a-t-il insist\u00e9, faisant savoir que le groupe, qui a \u00e9t\u00e9 surpris par la Gambie aujourd\u2019hui, doit savoir traverser certains moments difficiles.<\/p>\n<p>\u00ab\u00a0La s\u00e9lection nationale s\u2019est cr\u00e9\u00e9e plusieurs occasions qu\u2019elle n\u2019a pas su concr\u00e9tiser\u00a0\u00bb, a-t-il dit, relevant que pour lui, en tant que technicien dot\u00e9 d\u2019une longue exp\u00e9rience dans les Coupes d\u2019Afrique des Nations, l\u2019important consiste \u00e0 \u00eatre fin pr\u00eat pour le premier match contre la Namibie (23 juin).<\/p>\n<p>Concernant le prochain match amical de la s\u00e9lection nationale, M. Renard a estim\u00e9 que la Zambie, avec laquelle il avait v\u00e9cu une aventure africaine exceptionnelle, est une \u00e9quipe avec des joueurs de qualit\u00e9 et tr\u00e8s rapides.<\/p>\n<p>\u00ab\u00a0Ce match sera tr\u00e8s b\u00e9n\u00e9fique au groupe face \u00e0 une \u00e9quipe de qualit\u00e9 en perspective du premier match du Maroc contre la Namibie lors de la CAN 2019\u00a0\u00bb, a-t-il assur\u00e9.<\/p>\n<p>Le s\u00e9lectionneur belge de l\u2019\u00e9quipe gambienne, Tom Saintfiet, a pour sa part, exprim\u00e9 son immense joie pour le r\u00e9sultat obtenu par son \u00e9quipe face \u00e0 la s\u00e9lection marocaine, d\u2019autant plus que la Gambie n\u2019a jamais gagn\u00e9 de match \u00e0 l\u2019ext\u00e9rieur depuis pr\u00e8s de 35 ans.<\/p>\n<p>La s\u00e9lection marocaine est une tr\u00e8s bonne \u00e9quipe, avec une grande exp\u00e9rience, beaucoup de cr\u00e9ativit\u00e9 et de grands joueurs \u00e9voluant dans les grands championnats europ\u00e9ens, a-t-il ajout\u00e9.<\/p>\n<p>Concernant les chances du Maroc dans la Coupe d\u2019Afrique des Nations \u00ab\u00a0Egypte 2019\u00a0\u00bb, il a reconnu que la s\u00e9lection nationale a toujours figur\u00e9 parmi les favoris dans les diff\u00e9rentes Coupes d\u2019Afrique des Nations.<\/p>\n<p>En g\u00e9n\u00e9ral, les \u00e9quipes de l\u2019Afrique du Nord comptent toujours parmi les favoris dans les Coupes d\u2019Afrique des Nations, a-t-il insist\u00e9.<\/p>\n<p>La Gambie r\u00eave toujours de la participation \u00e0 la CAN et on doit continuer \u00e0 travailler et se pr\u00e9parer \u00e0 la prochaine CAN 2021 pour concr\u00e9tiser ce r\u00eave, a-t-il rench\u00e9ri.<\/p>\n<p>Le Maroc s\u2019est inclin\u00e9 face \u00e0 la Gambie 1-0, lors d\u2019un match amical disput\u00e9 mercredi au Grand stade de Marrakech, dans le cadre de la pr\u00e9paration pour la 32\u00e8me \u00e9dition de la CAN, pr\u00e9vue du 21 juin au 19 juillet prochain en Egypte.<\/p>\n<p>La s\u00e9lection gambienne a pris de court \u00ab\u00a0Les Lions de l\u2019Atlas\u00a0\u00bb en inscrivant le seul but de la rencontre par Musa Barrow \u00e0 la 27\u00e8 min, profitant d\u2019une erreur partag\u00e9e entre Mbark Boussoufa et le capitaine Mehdi Benatia.<\/p>\n<p>La s\u00e9lection marocaine jouera dimanche au Grand Stade de Marrakech, son deuxi\u00e8me match amical contre son homologue zambienne dans le cadre des pr\u00e9parations \u00e0 la 32\u00e8 \u00e9dition de la Coupe d\u2019Afrique des Nations \u00ab\u00a0Egypte 2019\u00a0\u00bb.<\/p>\n<p>Lors de la CAN-2019, l\u2019\u00e9quipe nationale est log\u00e9e au groupe (D) aux c\u00f4t\u00e9s de la Namibie, l\u2019Afrique du Sud et la C\u00f4te d\u2019Ivoire.<\/p>\n<\/div>\n<p>Auteur: Meriem IGASS<br \/>\n<a href=\"http:\/\/www.mapmarrakech.ma\/fr\/maroc-gambie-m-renard-minimise-limpact-du-resultat-du-match\/\">Cliquez ici pour lire l&rsquo;article depuis sa source.<\/a><\/p>\n","protected":false},"excerpt":{"rendered":"<p>Marrakech \u2013 Le s\u00e9lectionneur national, Herv\u00e9 Renard a minimis\u00e9 l\u2019impact du r\u00e9sultat du match amical Maroc-Gambie sur les pr\u00e9parations de l\u2019\u00e9quipe nationale pour la Coupe d\u2019Afrique des nations \u00ab\u00a0Egypte 2019\u00a0\u00bb. \u00ab\u00a0J\u2019ai confiance en mes joueurs et je suis s\u00fbr qu\u2019ils vont r\u00e9aliser une bonne Coupe d\u2019Afrique des nations en Egypte\u00a0\u00bb, a-t-il dit lors d\u2019une conf\u00e9rence [&hellip;]<\/p>\n","protected":false},"author":1788,"featured_media":0,"comment_status":"closed","ping_status":"closed","sticky":false,"template":"","format":"standard","meta":{"fifu_image_url":"","fifu_image_alt":"","footnotes":""},"categories":[54,76],"tags":[],"class_list":["post-40368","post","type-post","status-publish","format-standard","hentry","category-maroc","category-regions"],"_links":{"self":[{"href":"https:\/\/linitiative.ca\/International\/wp-json\/wp\/v2\/posts\/40368","targetHints":{"allow":["GET"]}}],"collection":[{"href":"https:\/\/linitiative.ca\/International\/wp-json\/wp\/v2\/posts"}],"about":[{"href":"https:\/\/linitiative.ca\/International\/wp-json\/wp\/v2\/types\/post"}],"author":[{"embeddable":true,"href":"https:\/\/linitiative.ca\/International\/wp-json\/wp\/v2\/users\/1788"}],"replies":[{"embeddable":true,"href":"https:\/\/linitiative.ca\/International\/wp-json\/wp\/v2\/comments?post=40368"}],"version-history":[{"count":0,"href":"https:\/\/linitiative.ca\/International\/wp-json\/wp\/v2\/posts\/40368\/revisions"}],"wp:attachment":[{"href":"https:\/\/linitiative.ca\/International\/wp-json\/wp\/v2\/media?parent=40368"}],"wp:term":[{"taxonomy":"category","embeddable":true,"href":"https:\/\/linitiative.ca\/International\/wp-json\/wp\/v2\/categories?post=40368"},{"taxonomy":"post_tag","embeddable":true,"href":"https:\/\/linitiative.ca\/International\/wp-json\/wp\/v2\/tags?post=40368"}],"curies":[{"name":"wp","href":"https:\/\/api.w.org\/{rel}","templated":true}]}}