{"id":40369,"date":"2019-06-13T09:57:05","date_gmt":"2019-06-13T13:57:05","guid":{"rendered":"https:\/\/linitiative.ca\/International\/affaire-imlil-reprise-de-laudition-des-accuses\/"},"modified":"2019-06-13T09:57:05","modified_gmt":"2019-06-13T13:57:05","slug":"affaire-imlil-reprise-de-laudition-des-accuses","status":"publish","type":"post","link":"https:\/\/linitiative.ca\/International\/affaire-imlil-reprise-de-laudition-des-accuses\/","title":{"rendered":"Affaire Imlil: Reprise de l\u2019audition des accus\u00e9s"},"content":{"rendered":"<div class=\"single-featured\"><img alt=\"\" data-src=\"http:\/\/www.mapmarrakech.ma\/map\/uploads\/2019\/06\/Annexe-cour-dappel.jpg\"\/><\/div>\n<div class=\"single-post-excerpt post-excerpt-bc\" readability=\"34\">\n<p>Sal\u00e9 \u2013 La Chambre criminelle charg\u00e9e des affaires du terrorisme pr\u00e8s l\u2019annexe de la Cour d\u2019appel \u00e0 Sal\u00e9 a repris jeudi l\u2019audition des accus\u00e9s dans l\u2019affaire du meurtre de deux touristes scandinaves dans la r\u00e9gion d\u2019Imlil (province d\u2019El Haouz).<\/p>\n<\/div>\n<div class=\"entry-content clearfix single-post-content\" readability=\"53\">\n<p>Sont poursuivis dans cette affaire 24 individus, dont un ressortissant portant la double nationalit\u00e9 suisse et espagnole, pour \u00ab\u00a0constitution d\u2019une bande pour pr\u00e9parer et commettre des actes terroristes, atteinte \u00e0 la vie de personnes avec pr\u00e9m\u00e9ditation, possession d\u2019armes \u00e0 feu et tentative de fabrication d\u2019explosifs en violation \u00e0 la loi, dans le cadre d\u2019un projet collectif visant \u00e0 porter gravement atteinte \u00e0 l\u2019ordre public\u00a0\u00bb.<\/p>\n<p>La Cour avait consacr\u00e9 son audience du 30 mai \u00e0 l\u2019audition des quatre principaux accus\u00e9s sur les faits qui leurs sont reproch\u00e9s conform\u00e9ment aux proc\u00e8s-verbaux de la police judiciaire et du juge d\u2019instruction, alors que leur d\u00e9fense a soulev\u00e9 plusieurs exceptions de forme.<\/p>\n<p>Dans le cadre des investigations men\u00e9es apr\u00e8s la d\u00e9couverte des corps sans vie de deux touristes \u00e9trang\u00e8res dans la r\u00e9gion d\u2019Imlil, le Bureau central d\u2019investigations judiciaires (BCIJ) relevant de la Direction g\u00e9n\u00e9rale de la surveillance du territoire national, avait annonc\u00e9 l\u2019arrestation des personnes accus\u00e9es, en collaboration avec la Gendarmerie Royale et la S\u00fbret\u00e9 nationale.<\/p>\n<\/div>\n<p>Auteur: Meriem IGASS<br \/>\n<a href=\"http:\/\/www.mapmarrakech.ma\/fr\/reprise-de-laudition-des-accuses-du-meurtre-dimlil\/\">Cliquez ici pour lire l&rsquo;article depuis sa source.<\/a><\/p>\n","protected":false},"excerpt":{"rendered":"<p>Sal\u00e9 \u2013 La Chambre criminelle charg\u00e9e des affaires du terrorisme pr\u00e8s l\u2019annexe de la Cour d\u2019appel \u00e0 Sal\u00e9 a repris jeudi l\u2019audition des accus\u00e9s dans l\u2019affaire du meurtre de deux touristes scandinaves dans la r\u00e9gion d\u2019Imlil (province d\u2019El Haouz). Sont poursuivis dans cette affaire 24 individus, dont un ressortissant portant la double nationalit\u00e9 suisse et [&hellip;]<\/p>\n","protected":false},"author":1788,"featured_media":40370,"comment_status":"closed","ping_status":"closed","sticky":false,"template":"","format":"standard","meta":{"fifu_image_url":"","fifu_image_alt":"","footnotes":""},"categories":[54,76],"tags":[],"class_list":["post-40369","post","type-post","status-publish","format-standard","has-post-thumbnail","hentry","category-maroc","category-regions"],"_links":{"self":[{"href":"https:\/\/linitiative.ca\/International\/wp-json\/wp\/v2\/posts\/40369","targetHints":{"allow":["GET"]}}],"collection":[{"href":"https:\/\/linitiative.ca\/International\/wp-json\/wp\/v2\/posts"}],"about":[{"href":"https:\/\/linitiative.ca\/International\/wp-json\/wp\/v2\/types\/post"}],"author":[{"embeddable":true,"href":"https:\/\/linitiative.ca\/International\/wp-json\/wp\/v2\/users\/1788"}],"replies":[{"embeddable":true,"href":"https:\/\/linitiative.ca\/International\/wp-json\/wp\/v2\/comments?post=40369"}],"version-history":[{"count":0,"href":"https:\/\/linitiative.ca\/International\/wp-json\/wp\/v2\/posts\/40369\/revisions"}],"wp:featuredmedia":[{"embeddable":true,"href":"https:\/\/linitiative.ca\/International\/wp-json\/"}],"wp:attachment":[{"href":"https:\/\/linitiative.ca\/International\/wp-json\/wp\/v2\/media?parent=40369"}],"wp:term":[{"taxonomy":"category","embeddable":true,"href":"https:\/\/linitiative.ca\/International\/wp-json\/wp\/v2\/categories?post=40369"},{"taxonomy":"post_tag","embeddable":true,"href":"https:\/\/linitiative.ca\/International\/wp-json\/wp\/v2\/tags?post=40369"}],"curies":[{"name":"wp","href":"https:\/\/api.w.org\/{rel}","templated":true}]}}