{"id":40402,"date":"2019-06-12T19:00:00","date_gmt":"2019-06-12T23:00:00","guid":{"rendered":"https:\/\/linitiative.ca\/International\/mm-barkat-et-ould-abbes-renoncent-a-leur-immunite\/"},"modified":"2019-06-12T19:00:00","modified_gmt":"2019-06-12T23:00:00","slug":"mm-barkat-et-ould-abbes-renoncent-a-leur-immunite","status":"publish","type":"post","link":"https:\/\/linitiative.ca\/International\/mm-barkat-et-ould-abbes-renoncent-a-leur-immunite\/","title":{"rendered":"MM. Barkat et Ould-Abb\u00e8s renoncent \u00e0 leur immunit\u00e9"},"content":{"rendered":"<p>Les deux s\u00e9nateurs Sa\u00efd Barkat et Djamel Ould Abb\u00e8s ont renonc\u00e9 \u00e0 leur immunit\u00e9 parlementaire au terme de d\u00e9clarations \u00e9crites d\u00e9pos\u00e9es aupr\u00e8s du Bureau du Conseil de la nation, a indiqu\u00e9 hier un communiqu\u00e9 de la chambre haute du Parlement.<br \/>\u00abEn vertu des dispositions de l&rsquo;article 127 de la Constitution et l&rsquo;article 124 (alin\u00e9a 2) du R\u00e8glement int\u00e9rieur du Conseil de la nation, MM. Barkat et Ould Abb\u00e8s ont d\u00e9pos\u00e9 une d\u00e9claration \u00e9crite par laquelle ils renoncent volontairement \u00e0 leur immunit\u00e9 parlementaire afin de permettre la justice d&rsquo;exercer ses missions constitutionnelles\u00bb, a pr\u00e9cis\u00e9 la m\u00eame source. Ainsi, ajoute le communiqu\u00e9, \u00abil a \u00e9t\u00e9 d\u00e9cid\u00e9 d&rsquo;annuler la r\u00e9union \u00e0 huis clos pr\u00e9vue le mercredi 19 juin pour statuer sur la demande du ministre de la Justice, garde des Sceaux relative \u00e0 l&rsquo;activation de la proc\u00e9dure de la lev\u00e9e de l&rsquo;immunit\u00e9 parlementaire des deux membres, Sa\u00efd Barkat et Djamel Ould Abb\u00e8s\u00bb.<br \/>\u00a0<\/p>\n<p>Auteur: elmoudjahid<br \/>\n<a href=\"http:\/\/www.elmoudjahid.com\/fr\/actualites\/138035\">Cliquez ici pour lire l&rsquo;article depuis sa source.<\/a><\/p>\n","protected":false},"excerpt":{"rendered":"<p>Les deux s\u00e9nateurs Sa\u00efd Barkat et Djamel Ould Abb\u00e8s ont renonc\u00e9 \u00e0 leur immunit\u00e9 parlementaire au terme de d\u00e9clarations \u00e9crites d\u00e9pos\u00e9es aupr\u00e8s du Bureau du Conseil de la nation, a indiqu\u00e9 hier un communiqu\u00e9 de la chambre haute du Parlement.\u00abEn vertu des dispositions de l&rsquo;article 127 de la Constitution et l&rsquo;article 124 (alin\u00e9a 2) du [&hellip;]<\/p>\n","protected":false},"author":1744,"featured_media":0,"comment_status":"closed","ping_status":"closed","sticky":false,"template":"","format":"standard","meta":{"fifu_image_url":"","fifu_image_alt":"","footnotes":""},"categories":[73,53],"tags":[],"class_list":["post-40402","post","type-post","status-publish","format-standard","hentry","category-actualite","category-algerie"],"_links":{"self":[{"href":"https:\/\/linitiative.ca\/International\/wp-json\/wp\/v2\/posts\/40402","targetHints":{"allow":["GET"]}}],"collection":[{"href":"https:\/\/linitiative.ca\/International\/wp-json\/wp\/v2\/posts"}],"about":[{"href":"https:\/\/linitiative.ca\/International\/wp-json\/wp\/v2\/types\/post"}],"author":[{"embeddable":true,"href":"https:\/\/linitiative.ca\/International\/wp-json\/wp\/v2\/users\/1744"}],"replies":[{"embeddable":true,"href":"https:\/\/linitiative.ca\/International\/wp-json\/wp\/v2\/comments?post=40402"}],"version-history":[{"count":0,"href":"https:\/\/linitiative.ca\/International\/wp-json\/wp\/v2\/posts\/40402\/revisions"}],"wp:attachment":[{"href":"https:\/\/linitiative.ca\/International\/wp-json\/wp\/v2\/media?parent=40402"}],"wp:term":[{"taxonomy":"category","embeddable":true,"href":"https:\/\/linitiative.ca\/International\/wp-json\/wp\/v2\/categories?post=40402"},{"taxonomy":"post_tag","embeddable":true,"href":"https:\/\/linitiative.ca\/International\/wp-json\/wp\/v2\/tags?post=40402"}],"curies":[{"name":"wp","href":"https:\/\/api.w.org\/{rel}","templated":true}]}}