{"id":40403,"date":"2019-06-12T19:00:00","date_gmt":"2019-06-12T23:00:00","guid":{"rendered":"https:\/\/linitiative.ca\/International\/diplomatie-dix-ambassadeurs-remettent-leurs-lettres-de-creance-au-chef-de-letat\/"},"modified":"2019-06-12T19:00:00","modified_gmt":"2019-06-12T23:00:00","slug":"diplomatie-dix-ambassadeurs-remettent-leurs-lettres-de-creance-au-chef-de-letat","status":"publish","type":"post","link":"https:\/\/linitiative.ca\/International\/diplomatie-dix-ambassadeurs-remettent-leurs-lettres-de-creance-au-chef-de-letat\/","title":{"rendered":"Diplomatie :  Dix ambassadeurs remettent leurs lettres de cr\u00e9ance au chef de l\u2019\u00e9tat"},"content":{"rendered":"<p><strong>Le chef de l&rsquo;\u00c9tat, Abdelkader Bensalah, a re\u00e7u, hier, au si\u00e8ge de la pr\u00e9sidence\u00a0 de la R\u00e9publique, les ambassadeurs de dix pays qui lui ont remis\u00a0 leurs lettres de cr\u00e9ance.<\/strong><\/p>\n<p>Il s&rsquo;agit des ambassadeurs de Gr\u00e8ce, Mme Nike Ekaterini Koutrakou, du\u00a0\u00a0 Ghana, M. Nana Kwesi Arhin, de Bahre\u00efn,\u00a0\u00a0 M. Fouad Sadek Mohamed Al-Baharna, de la Gambie, M. Habib Tamasa Baba Jarra, du Mexique, M. Gabriel Rosenzweig Pichardo, de la R\u00e9publique de Cor\u00e9e, M. Lee Eun-Yong, du Mozambique, M. Carvaliio Muaria, d&rsquo;Ethiopie, M. Amin Abdelkader Berkat, de Norv\u00e8ge, M. Knut Langeland et de la Suisse, M. Lukas Rosenkranz.\u00a0<br \/>L&rsquo;ambassadeur de Suisse a affirm\u00e9, \u00e0 cette occasion, la volont\u00e9 du gouvernement de son pays \u00e0 \u00ab\u00a0poursuivre\u00a0\u00bb et \u00e0 \u00ab\u00a0intensifier les bonnes relations que la Suisse entretient historiquement avec l&rsquo;Alg\u00e9rie\u00a0\u00bb, soutenant que \u00ab\u00a0la Suisse appr\u00e9cie fortement les efforts de l&rsquo;Alg\u00e9rie pour la r\u00e9solution pacifique des conflits et pour la pr\u00e9servation de la\u00a0\u00a0 stabilit\u00e9 r\u00e9gionale\u00a0\u00bb.<br \/>\u00ab\u00a0La Suisse, comme nos voisins europ\u00e9ens, partage avec les pays du Sud de la M\u00e9diterran\u00e9e un destin commun\u00a0\u00bb,\u00a0 a-t-il d\u00e9clar\u00e9 \u00e0 la presse \u00e0 l&rsquo;issue de l&rsquo;audience, soulignant la coop\u00e9ration \u00e9troite existante pour \u00ab\u00a0g\u00e9rer des d\u00e9fis communs comme la s\u00e9curit\u00e9 dans la r\u00e9gion, la promotion de l&rsquo;\u00e9conomie, la th\u00e9matique migratoire ou encore le changement climatique\u00a0\u00bb.\u00a0\u00a0 L&rsquo;ambassadeur de la Norv\u00e8ge \u00e0 Alger a exprim\u00e9, de son c\u00f4t\u00e9, le souhait de son pays de \u00ab\u00a0renforcer\u00a0\u00bb et d&rsquo; \u00ab\u00a0\u00e9largir\u00a0\u00bb les liens de coop\u00e9ration avec\u00a0\u00a0 l&rsquo;Alg\u00e9rie, rappelant que la Norv\u00e8ge a, depuis 2007, une pr\u00e9sence diplomatique \u00e0 Alger et que les deux pays \u00e9changent r\u00e9guli\u00e8rement des visites.\u00a0 M. Langeland a soulign\u00e9, \u00e0 l&rsquo;occasion, que les deux pays ont \u00e9tabli des partenariats dans divers domaines, comme l&rsquo;\u00e9nergie, la communication, l&rsquo;industrie ou encore le secteur maritime, soutenant que plusieurs compagnies norv\u00e9giennes souhaitent s&rsquo;engager en Alg\u00e9rie. Sur le plan politique, l&rsquo;ambassadeur de la Norv\u00e8ge a relev\u00e9 une\u00a0\u00a0 convergence de vues entre les deux pays sur plusieurs questions politiques.\u00a0<br \/>L&rsquo;ambassadeur d&rsquo;Ethiopie a affirm\u00e9, pour sa part, sa d\u00e9termination \u00e0\u00a0\u00a0 \u00ab\u00a0\u0153uvrer pour le renforcement des relations entre les deux pays dans tous\u00a0\u00a0 les domaines\u00a0\u00bb, assurant qu&rsquo;il s&rsquo;est attel\u00e9, d\u00e8s son arriv\u00e9e \u00e0 Alger, \u00e0\u00a0\u00a0 \u00ab\u00a0consolider les relations bilat\u00e9rales entre les deux peuples fr\u00e8res\u00a0\u00bb.\u00a0<br \/>L&rsquo;ambassadeur du Mozambique a exprim\u00e9, quant \u00e0 lui, la gratitude de son pays pour \u00ab\u00a0toute l&rsquo;aide apport\u00e9e par l&rsquo;Alg\u00e9rie aux Mozambicains dans le domaine de la formation\u00a0\u00bb, pr\u00e9cisant que plus de 300 \u00e9tudiants mozambicains suivent des formations dans des universit\u00e9s alg\u00e9riennes.\u00a0 M. Muaria a affirm\u00e9, dans ce contexte, que le Mozambique souhaite \u00e9largir la coop\u00e9ration entre les deux pays aux domaines \u00e9conomiques, citant notamment le secteur gazier.<br \/>L&rsquo;ambassadeur de la R\u00e9publique de Cor\u00e9e a r\u00e9it\u00e9r\u00e9, pour sa part, la disponibilit\u00e9 de son pays \u00e0 accompagner l&rsquo;Alg\u00e9rie \u00ab\u00a0ce grand pays fr\u00e8re\u00a0\u00bb dans sa strat\u00e9gie de d\u00e9veloppement global, soulignant que les relations entre les deux pays se sont renforc\u00e9es davantage depuis la signature, en 2006, de l&rsquo;accord de partenariat strat\u00e9gique.\u00a0 \u00ab\u00a0La visite du Premier ministre sud-cor\u00e9en en d\u00e9cembre 2018 a \u00e9t\u00e9 l&rsquo;occasion de r\u00e9affirmer la volont\u00e9 de la Cor\u00e9e de renforcer davantage les relations entre les deux pays et \u0153uvrer \u00e0 concr\u00e9tiser les projets communs\u00a0\u00bb, a-t-il indiqu\u00e9. M. Eun-Yong a salu\u00e9, \u00e0 l&rsquo;occasion, le caract\u00e8re \u00ab\u00a0pacifique et d\u00e9mocratique\u00a0\u00bb de la r\u00e9volution alg\u00e9rienne, se disant \u00ab\u00a0convaincu\u00a0\u00bb que \u00ab\u00a0cette \u00e9tape importante de l&rsquo;histoire\u00a0\u00bb du peuple alg\u00e9rien le m\u00e8nera vers \u00ab\u00a0un avenir prosp\u00e8re\u00a0\u00bb.<br \/>Soulignant l&rsquo;excellence des relations bilat\u00e9rales avec l&rsquo;Alg\u00e9rie, l&rsquo;ambassadeur du Mexique a affirm\u00e9 que \u00ab\u00a0les gouvernements alg\u00e9rien et mexicain entretiennent un dialogue et une collaboration fluides\u00a0\u00bb, rappelant que \u00ab\u00a0les deux pays sont li\u00e9s par une amiti\u00e9 solide et profonde qui remonte \u00e0 l&rsquo;\u00e9poque de la guerre d&rsquo;ind\u00e9pendance de l&rsquo;Alg\u00e9rie\u00a0\u00bb.<br \/>\u00a0\u00ab\u00a0Au cours de ces deux derni\u00e8res ann\u00e9es, les \u00e9changes entre les deux pays\u00a0\u00a0 se sont intensifi\u00e9s dans diff\u00e9rents domaines\u00a0\u00bb, a-t-il ajout\u00e9, relevant l&rsquo;existence d&rsquo; \u00ab\u00a0un grand potentiel\u00a0\u00bb pour les renforcer, notamment dans les\u00a0\u00a0 domaines \u00e9conomiques.\u00a0<br \/>L&rsquo;ambassadeur de Gambie a exprim\u00e9, de son c\u00f4t\u00e9, la\u00a0\u00a0 disponibilit\u00e9 des autorit\u00e9s de son pays \u00e0 coop\u00e9rer avec l&rsquo;Alg\u00e9rie sur le plan \u00e9conomique et pour le d\u00e9veloppement des deux pays.\u00a0 Il a assur\u00e9, \u00e0 cet \u00e9gard, avoir \u00e9voqu\u00e9 avec M. Bensalah la situation dans la r\u00e9gion et dans la sous-r\u00e9gion et discut\u00e9 avec lui des questions d&rsquo;int\u00e9r\u00eat commun dans divers domaines, tels que l&rsquo;\u00e9conomie, la sant\u00e9, l&rsquo;\u00e9ducation et les nouvelles technologies.\u00a0<br \/>L&rsquo;ambassadeur du Ghana s&rsquo;est dit, pour sa part, \u00ab\u00a0convaincu\u00a0\u00bb que les relations alg\u00e9ro-ghan\u00e9ennes peuvent \u00eatre \u00ab\u00a0renforc\u00e9es davantage\u00a0\u00bb, soulignant la n\u00e9cessit\u00e9 d&rsquo;\u00e9tablir un programme de travail pour \u00ab\u00a0hisser ces relations \u00e0 un niveau important\u00a0\u00bb, notamment sur le plan \u00e9conomique.\u00a0<br \/>\u00ab\u00a0Il est de notre devoir de faire en sorte que ces relations soient renforc\u00e9es et p\u00e9rennes dans l&rsquo;int\u00e9r\u00eat des deux peuples\u00a0\u00bb, a-t-il encore ajout\u00e9, estimant que le renforcement de ces relations est \u00ab\u00a0la seule voie de\u00a0\u00a0 d\u00e9veloppement pour tout le continent africain\u00a0\u00bb.<br \/>\u00a0L&rsquo;ambassadeur de la Gr\u00e8ce a exprim\u00e9 \u00e9galement le souhait de son pays de renforcer la coop\u00e9ration avec l&rsquo;Alg\u00e9rie et de l&rsquo;\u00e9largir \u00e0 d&rsquo;autres domaines, notamment dans les secteurs du tourisme, de l&rsquo;agriculture et des\u00a0\u00a0 nouvelles technologies.\u00a0<br \/>L&rsquo;ambassadeur de Bahre\u00efn a affirm\u00e9, quant \u00e0 lui, sa d\u00e9termination \u00e0 \u0153uvrer pour le d\u00e9veloppement des relations bilat\u00e9rales\u00a0 et de les hisser \u00e0 un niveau sup\u00e9rieur au b\u00e9n\u00e9fice des deux peuples fr\u00e8res.<br \/>\u00a0<\/p>\n<p>Auteur: elmoudjahid<br \/>\n<a href=\"http:\/\/www.elmoudjahid.com\/fr\/actualites\/138036\">Cliquez ici pour lire l&rsquo;article depuis sa source.<\/a><\/p>\n","protected":false},"excerpt":{"rendered":"<p>Le chef de l&rsquo;\u00c9tat, Abdelkader Bensalah, a re\u00e7u, hier, au si\u00e8ge de la pr\u00e9sidence\u00a0 de la R\u00e9publique, les ambassadeurs de dix pays qui lui ont remis\u00a0 leurs lettres de cr\u00e9ance. Il s&rsquo;agit des ambassadeurs de Gr\u00e8ce, Mme Nike Ekaterini Koutrakou, du\u00a0\u00a0 Ghana, M. Nana Kwesi Arhin, de Bahre\u00efn,\u00a0\u00a0 M. Fouad Sadek Mohamed Al-Baharna, de la [&hellip;]<\/p>\n","protected":false},"author":1744,"featured_media":0,"comment_status":"closed","ping_status":"closed","sticky":false,"template":"","format":"standard","meta":{"fifu_image_url":"","fifu_image_alt":"","footnotes":""},"categories":[73,53],"tags":[],"class_list":["post-40403","post","type-post","status-publish","format-standard","hentry","category-actualite","category-algerie"],"_links":{"self":[{"href":"https:\/\/linitiative.ca\/International\/wp-json\/wp\/v2\/posts\/40403","targetHints":{"allow":["GET"]}}],"collection":[{"href":"https:\/\/linitiative.ca\/International\/wp-json\/wp\/v2\/posts"}],"about":[{"href":"https:\/\/linitiative.ca\/International\/wp-json\/wp\/v2\/types\/post"}],"author":[{"embeddable":true,"href":"https:\/\/linitiative.ca\/International\/wp-json\/wp\/v2\/users\/1744"}],"replies":[{"embeddable":true,"href":"https:\/\/linitiative.ca\/International\/wp-json\/wp\/v2\/comments?post=40403"}],"version-history":[{"count":0,"href":"https:\/\/linitiative.ca\/International\/wp-json\/wp\/v2\/posts\/40403\/revisions"}],"wp:attachment":[{"href":"https:\/\/linitiative.ca\/International\/wp-json\/wp\/v2\/media?parent=40403"}],"wp:term":[{"taxonomy":"category","embeddable":true,"href":"https:\/\/linitiative.ca\/International\/wp-json\/wp\/v2\/categories?post=40403"},{"taxonomy":"post_tag","embeddable":true,"href":"https:\/\/linitiative.ca\/International\/wp-json\/wp\/v2\/tags?post=40403"}],"curies":[{"name":"wp","href":"https:\/\/api.w.org\/{rel}","templated":true}]}}