{"id":40404,"date":"2019-06-12T19:00:00","date_gmt":"2019-06-12T23:00:00","guid":{"rendered":"https:\/\/linitiative.ca\/International\/banque-africaine-de-developpement-vers-lintegration-economique\/"},"modified":"2019-06-12T19:00:00","modified_gmt":"2019-06-12T23:00:00","slug":"banque-africaine-de-developpement-vers-lintegration-economique","status":"publish","type":"post","link":"https:\/\/linitiative.ca\/International\/banque-africaine-de-developpement-vers-lintegration-economique\/","title":{"rendered":"Banque africaine de d\u00e9veloppement : Vers l\u2019int\u00e9gration Economique"},"content":{"rendered":"<p>Le ministre des Finances, Mohamed Loukal , a pris part hier \u00e0 la c\u00e9r\u00e9monie d\u2019ouverture des Assembl\u00e9es\u00a0\u00a0 annuelles de la Banque africaine de D\u00e9veloppement et de la 45e Assembl\u00e9e annuelle du Fonds africain de D\u00e9veloppement du 11 au 14 juin en Guin\u00e9e \u00e9quatoriale. La c\u00e9r\u00e9monie d\u2019ouverture de ces Assembl\u00e9es qui se tiennent sous le th\u00e8me \u00ab\u00a0Int\u00e9gration r\u00e9gionale pour la prosp\u00e9rit\u00e9 \u00e9conomique de l\u2019Afrique\u00a0\u00bb a \u00e9t\u00e9\u00a0\u00a0 assur\u00e9e, par le pr\u00e9sident de la R\u00e9publique de la Guin\u00e9e \u00e9quatoriale,Teodoro Obiang Nguema Mbasogo. A cette occasion, le pr\u00e9sident du Groupe de la BAD, Akinwumi A. Adessina a mis l\u2019accent sur l\u2019impact de l\u2019int\u00e9gration r\u00e9gionale sur l\u2019acc\u00e9l\u00e9ration du d\u00e9veloppement de l\u2019Afrique.\u00a0\u00a0 Il a \u00e0 ce propos indiqu\u00e9 que son institution \u0153uvre pour une int\u00e9gration r\u00e9gionale plus pouss\u00e9e, en connectant les pays, gr\u00e2ce \u00e0 des infrastructures de transport de qualit\u00e9, et en soutenant les r\u00e9seaux dorsaux de TIC et les\u00a0\u00a0 march\u00e9s financiers.\u00a0 Il a soulign\u00e9 que l\u2019avenir du continent s\u2019annonce prometteur.\u00a0\u00bbL\u2019\u00e9dition 2019 des Perspectives \u00e9conomiques en Afrique de la BAD fait ressortir que la performance \u00e9conomique globale continue de s\u2019am\u00e9liorer. La croissance devrait atteindre 4 % en 2019 et 4,1 % en 2020. Ce rythme est remarquable compar\u00e9 au taux de 2,1 % seulement enregistr\u00e9 en 2016&Prime;, selon M. Adessina.\u00a0\u00a0\u00a0<\/p>\n<p>Auteur: elmoudjahid<br \/>\n<a href=\"http:\/\/www.elmoudjahid.com\/fr\/actualites\/138037\">Cliquez ici pour lire l&rsquo;article depuis sa source.<\/a><\/p>\n","protected":false},"excerpt":{"rendered":"<p>Le ministre des Finances, Mohamed Loukal , a pris part hier \u00e0 la c\u00e9r\u00e9monie d\u2019ouverture des Assembl\u00e9es\u00a0\u00a0 annuelles de la Banque africaine de D\u00e9veloppement et de la 45e Assembl\u00e9e annuelle du Fonds africain de D\u00e9veloppement du 11 au 14 juin en Guin\u00e9e \u00e9quatoriale. La c\u00e9r\u00e9monie d\u2019ouverture de ces Assembl\u00e9es qui se tiennent sous le th\u00e8me [&hellip;]<\/p>\n","protected":false},"author":1744,"featured_media":0,"comment_status":"closed","ping_status":"closed","sticky":false,"template":"","format":"standard","meta":{"fifu_image_url":"","fifu_image_alt":"","footnotes":""},"categories":[73,53],"tags":[],"class_list":["post-40404","post","type-post","status-publish","format-standard","hentry","category-actualite","category-algerie"],"_links":{"self":[{"href":"https:\/\/linitiative.ca\/International\/wp-json\/wp\/v2\/posts\/40404","targetHints":{"allow":["GET"]}}],"collection":[{"href":"https:\/\/linitiative.ca\/International\/wp-json\/wp\/v2\/posts"}],"about":[{"href":"https:\/\/linitiative.ca\/International\/wp-json\/wp\/v2\/types\/post"}],"author":[{"embeddable":true,"href":"https:\/\/linitiative.ca\/International\/wp-json\/wp\/v2\/users\/1744"}],"replies":[{"embeddable":true,"href":"https:\/\/linitiative.ca\/International\/wp-json\/wp\/v2\/comments?post=40404"}],"version-history":[{"count":0,"href":"https:\/\/linitiative.ca\/International\/wp-json\/wp\/v2\/posts\/40404\/revisions"}],"wp:attachment":[{"href":"https:\/\/linitiative.ca\/International\/wp-json\/wp\/v2\/media?parent=40404"}],"wp:term":[{"taxonomy":"category","embeddable":true,"href":"https:\/\/linitiative.ca\/International\/wp-json\/wp\/v2\/categories?post=40404"},{"taxonomy":"post_tag","embeddable":true,"href":"https:\/\/linitiative.ca\/International\/wp-json\/wp\/v2\/tags?post=40404"}],"curies":[{"name":"wp","href":"https:\/\/api.w.org\/{rel}","templated":true}]}}