{"id":40405,"date":"2019-06-12T19:00:00","date_gmt":"2019-06-12T23:00:00","guid":{"rendered":"https:\/\/linitiative.ca\/International\/protection-sociale-lexperience-algerienne-presentee-a-geneve\/"},"modified":"2019-06-12T19:00:00","modified_gmt":"2019-06-12T23:00:00","slug":"protection-sociale-lexperience-algerienne-presentee-a-geneve","status":"publish","type":"post","link":"https:\/\/linitiative.ca\/International\/protection-sociale-lexperience-algerienne-presentee-a-geneve\/","title":{"rendered":"Protection sociale :  l\u2019exp\u00e9rience alg\u00e9rienne  pr\u00e9sent\u00e9e \u00e0 Gen\u00e8ve"},"content":{"rendered":"<p>Dans une allocution lors de la 108e session de la Conf\u00e9rence internationale du travail qui se tient \u00e0 Gen\u00e8ve, le ministre du Travail, de l&rsquo;Emploi et de la S\u00e9curit\u00e9 sociale, M. Hassan Tidjani Haddam, a indiqu\u00e9 que l&rsquo;Alg\u00e9rie dispose aujourd&rsquo;hui d&rsquo;un \u00ab\u00a0syst\u00e8me de protection sociale\u00a0\u00a0 b\u00e9n\u00e9ficiant \u00e0 toutes les franges de la soci\u00e9t\u00e9 et couvrant tous les risques\u00a0\u00a0 de s\u00e9curit\u00e9 sociale \u00e9nonc\u00e9s dans les conventions internationales y aff\u00e9rentes\u00a0\u00bb, soulignant que le budget de l&rsquo;Etat affect\u00e9 au titre du syst\u00e8me des transferts sociaux garantit la protection et la pr\u00e9servation de la dignit\u00e9 des cat\u00e9gories d\u00e9munies de la soci\u00e9t\u00e9. S&rsquo;agissant de la concr\u00e9tisation du dialogue social, M. Haddam a affirm\u00e9 que les autorit\u00e9s avaient consacr\u00e9 ce principe \u00e0 travers un \u00ab\u00a0m\u00e9canisme tripartite\u00a0\u00bb, \u00e9tant un outil privil\u00e9gi\u00e9 pour traiter et solutionner\u00a0\u00a0 l&rsquo;ensemble des questions se rapportant au d\u00e9veloppement socio\u00e9conomique du pays. \u00ab\u00a0L&rsquo;Alg\u00e9rie est soucieuse, plus que jamais, de renforcer davantage l&rsquo;action\u00a0 syndicale, d&rsquo;autant que celle-ci vit une nouvelle dynamique politique \u00e0 la faveur de l&rsquo;enregistrement r\u00e9cent de 17 nouvelles organisations syndicales\u00a0\u00bb, a ajout\u00e9 le ministre. Par ailleurs, il a rappel\u00e9 l&rsquo;adoption par l&rsquo;Alg\u00e9rie \u00ab\u00a0des recommandations et orientations figurant dans le rapport de la Commission\u00a0\u00a0 mondiale sur l&rsquo;avenir du travail\u00a0\u00bb, pr\u00e9cisant que le rapport de cette Commission \u00ab\u00a0\u00e9voque une question d&rsquo;importance capitale li\u00e9e \u00e0 l&rsquo;avenir de l&#8217;emploi, outre le renforcement de l&rsquo;espace d\u00e9mocratique au service du dialogue social, en sus de la n\u00e9cessit\u00e9 de concilier les exigences \u00e9conomiques et les aspirations exprim\u00e9es par la main-d&rsquo;\u0153uvre \u00e0 une\u00a0 meilleure situation face \u00e0 la mondialisation et aux grandes mutations\u00a0\u00bb.\u00a0 Le ministre a qualifi\u00e9 ce rapport de \u00ab\u00a0document de r\u00e9f\u00e9rence servant \u00e0 concevoir et \u00e0 soumettre des propositions relatives au d\u00e9veloppement de l&#8217;emploi dans un monde tourn\u00e9 vers le num\u00e9rique, d&rsquo;autant que les trois\u00a0 domaines d&rsquo;activit\u00e9 propos\u00e9s dans le rapport refl\u00e8tent clairement les tendances vers le d\u00e9veloppement humain\u00a0\u00bb.\u00a0\u00a0<\/p>\n<p>Auteur: elmoudjahid<br \/>\n<a href=\"http:\/\/www.elmoudjahid.com\/fr\/actualites\/138038\">Cliquez ici pour lire l&rsquo;article depuis sa source.<\/a><\/p>\n","protected":false},"excerpt":{"rendered":"<p>Dans une allocution lors de la 108e session de la Conf\u00e9rence internationale du travail qui se tient \u00e0 Gen\u00e8ve, le ministre du Travail, de l&rsquo;Emploi et de la S\u00e9curit\u00e9 sociale, M. Hassan Tidjani Haddam, a indiqu\u00e9 que l&rsquo;Alg\u00e9rie dispose aujourd&rsquo;hui d&rsquo;un \u00ab\u00a0syst\u00e8me de protection sociale\u00a0\u00a0 b\u00e9n\u00e9ficiant \u00e0 toutes les franges de la soci\u00e9t\u00e9 et couvrant [&hellip;]<\/p>\n","protected":false},"author":1744,"featured_media":0,"comment_status":"closed","ping_status":"closed","sticky":false,"template":"","format":"standard","meta":{"fifu_image_url":"","fifu_image_alt":"","footnotes":""},"categories":[73,53],"tags":[],"class_list":["post-40405","post","type-post","status-publish","format-standard","hentry","category-actualite","category-algerie"],"_links":{"self":[{"href":"https:\/\/linitiative.ca\/International\/wp-json\/wp\/v2\/posts\/40405","targetHints":{"allow":["GET"]}}],"collection":[{"href":"https:\/\/linitiative.ca\/International\/wp-json\/wp\/v2\/posts"}],"about":[{"href":"https:\/\/linitiative.ca\/International\/wp-json\/wp\/v2\/types\/post"}],"author":[{"embeddable":true,"href":"https:\/\/linitiative.ca\/International\/wp-json\/wp\/v2\/users\/1744"}],"replies":[{"embeddable":true,"href":"https:\/\/linitiative.ca\/International\/wp-json\/wp\/v2\/comments?post=40405"}],"version-history":[{"count":0,"href":"https:\/\/linitiative.ca\/International\/wp-json\/wp\/v2\/posts\/40405\/revisions"}],"wp:attachment":[{"href":"https:\/\/linitiative.ca\/International\/wp-json\/wp\/v2\/media?parent=40405"}],"wp:term":[{"taxonomy":"category","embeddable":true,"href":"https:\/\/linitiative.ca\/International\/wp-json\/wp\/v2\/categories?post=40405"},{"taxonomy":"post_tag","embeddable":true,"href":"https:\/\/linitiative.ca\/International\/wp-json\/wp\/v2\/tags?post=40405"}],"curies":[{"name":"wp","href":"https:\/\/api.w.org\/{rel}","templated":true}]}}