{"id":40406,"date":"2019-06-12T19:00:00","date_gmt":"2019-06-12T23:00:00","guid":{"rendered":"https:\/\/linitiative.ca\/International\/intemperies-a-illizi-reparer-les-degats\/"},"modified":"2019-06-12T19:00:00","modified_gmt":"2019-06-12T23:00:00","slug":"intemperies-a-illizi-reparer-les-degats","status":"publish","type":"post","link":"https:\/\/linitiative.ca\/International\/intemperies-a-illizi-reparer-les-degats\/","title":{"rendered":"Intemp\u00e9ries \u00e0 Illizi  : R\u00e9parer les d\u00e9g\u00e2ts"},"content":{"rendered":"<p>M. Salah-Eddine Dahmoune, ministre de l\u2019Int\u00e9rieur, des Collectivit\u00e9s locales et de l\u2019Am\u00e9nagement du territoire, a d\u00e9p\u00each\u00e9 mardi une commission centrale pr\u00e9sid\u00e9e par le d\u00e9l\u00e9gu\u00e9 national aux risques majeurs, M. Tahar Melizi, et ce suite aux intemp\u00e9ries qu\u2019a connues la wilaya d\u2019Illizi, et plus particuli\u00e8rement la circonscription administrative de Djanet. Le ministre a donn\u00e9 instruction pour la rapide prise en charge des familles touch\u00e9es, ainsi que la r\u00e9paration des d\u00e9g\u00e2ts dans les plus brefs d\u00e9lais.<\/p>\n<p>Auteur: elmoudjahid<br \/>\n<a href=\"http:\/\/www.elmoudjahid.com\/fr\/actualites\/138039\">Cliquez ici pour lire l&rsquo;article depuis sa source.<\/a><\/p>\n","protected":false},"excerpt":{"rendered":"<p>M. Salah-Eddine Dahmoune, ministre de l\u2019Int\u00e9rieur, des Collectivit\u00e9s locales et de l\u2019Am\u00e9nagement du territoire, a d\u00e9p\u00each\u00e9 mardi une commission centrale pr\u00e9sid\u00e9e par le d\u00e9l\u00e9gu\u00e9 national aux risques majeurs, M. Tahar Melizi, et ce suite aux intemp\u00e9ries qu\u2019a connues la wilaya d\u2019Illizi, et plus particuli\u00e8rement la circonscription administrative de Djanet. Le ministre a donn\u00e9 instruction pour [&hellip;]<\/p>\n","protected":false},"author":1744,"featured_media":0,"comment_status":"closed","ping_status":"closed","sticky":false,"template":"","format":"standard","meta":{"fifu_image_url":"","fifu_image_alt":"","footnotes":""},"categories":[73,53],"tags":[],"class_list":["post-40406","post","type-post","status-publish","format-standard","hentry","category-actualite","category-algerie"],"_links":{"self":[{"href":"https:\/\/linitiative.ca\/International\/wp-json\/wp\/v2\/posts\/40406","targetHints":{"allow":["GET"]}}],"collection":[{"href":"https:\/\/linitiative.ca\/International\/wp-json\/wp\/v2\/posts"}],"about":[{"href":"https:\/\/linitiative.ca\/International\/wp-json\/wp\/v2\/types\/post"}],"author":[{"embeddable":true,"href":"https:\/\/linitiative.ca\/International\/wp-json\/wp\/v2\/users\/1744"}],"replies":[{"embeddable":true,"href":"https:\/\/linitiative.ca\/International\/wp-json\/wp\/v2\/comments?post=40406"}],"version-history":[{"count":0,"href":"https:\/\/linitiative.ca\/International\/wp-json\/wp\/v2\/posts\/40406\/revisions"}],"wp:attachment":[{"href":"https:\/\/linitiative.ca\/International\/wp-json\/wp\/v2\/media?parent=40406"}],"wp:term":[{"taxonomy":"category","embeddable":true,"href":"https:\/\/linitiative.ca\/International\/wp-json\/wp\/v2\/categories?post=40406"},{"taxonomy":"post_tag","embeddable":true,"href":"https:\/\/linitiative.ca\/International\/wp-json\/wp\/v2\/tags?post=40406"}],"curies":[{"name":"wp","href":"https:\/\/api.w.org\/{rel}","templated":true}]}}