{"id":40407,"date":"2019-06-12T19:00:00","date_gmt":"2019-06-12T23:00:00","guid":{"rendered":"https:\/\/linitiative.ca\/International\/commentaire-le-declic\/"},"modified":"2019-06-12T19:00:00","modified_gmt":"2019-06-12T23:00:00","slug":"commentaire-le-declic","status":"publish","type":"post","link":"https:\/\/linitiative.ca\/International\/commentaire-le-declic\/","title":{"rendered":"Commentaire : Le d\u00e9clic ?"},"content":{"rendered":"<p>Des syndicats et des associations ont d\u00e9clench\u00e9 une dynamique positive, celle de pr\u00e9parer une \u00abConf\u00e9rence nationale de la soci\u00e9t\u00e9 civile\u00bb, pr\u00e9vue le 15 juin. Le fait de s\u2019asseoir \u00e0 la m\u00eame table et de discuter de l\u2019avenir du pays constitue, au-del\u00e0 de ce qui va sortir d\u2019une telle rencontre, un pas encourageant sur la voie de sortie de la crise \u00e0 laquelle nous sommes confront\u00e9s aujourd\u2019hui. Bien plus, en rompant avec le statu quo, en d\u00e9cidant de se rapprocher les uns des autres, de discuter de la situation politique et des enjeux, de consolider les points de convergences et de r\u00e9duire au maximum les divergences et les diff\u00e9rents points de vue, et, en fin de compte, proposer une feuille de route qui r\u00e9pond aux aspirations l\u00e9gitimes du mouvement populaire, c\u2019est incontestablement une attitude citoyenne responsable. Lors des d\u00e9bats pr\u00e9liminaires, parce que deux options se sont d\u00e9gag\u00e9es, celle qui pr\u00e9conise le retour imm\u00e9diat (dans trois ou six mois) \u00e0 l\u2019\u00e9lection pr\u00e9sidentielle, et donc \u00e0 la l\u00e9galit\u00e9 constitutionnelle, \u00e0 charge pour le pr\u00e9sident \u00e9lu de mener les r\u00e9formes contenues dans son programme, et celle qui plaide pour une Constituante comme pr\u00e9alable \u00e0 toute refondation du syst\u00e8me, certains ont conclu \u00e0 l\u2019\u00e9chec de la Conf\u00e9rence bien avant qu\u2019elle n\u2019ait lieu.<br \/>\u00c0 l\u2019\u00e9vidence, ce sont bien les animateurs de la seconde tendance, minoritaire au demeurant, qui tentent, par l\u2019exercice d\u2019une sorte de chantage \u00e0 caract\u00e8re id\u00e9ologique, de n\u2019accepter un consensus que si leur point de vue est adopt\u00e9 ! Une mani\u00e8re si peu d\u00e9mocratique en fait, mais devant un travail aussi difficile, il faut s\u2019attendre \u00e0 tout. L\u2019essentiel est de pers\u00e9v\u00e9rer et de faire en sorte que cet espace du libre d\u00e9bat contradictoire am\u00e8ne une proposition pratique et raisonnable qui, avec le reste des acteurs politiques, aide le pays \u00e0 surmonter cette \u00e9preuve et \u00e0 renforcer les acquis d\u00e9mocratiques.<br \/>La r\u00e9ussite d\u2019une telle conf\u00e9rence pourrait servir de d\u00e9clic \u00e0 l\u2019ouverture du grand dialogue qui rassemblerait l\u2019ensemble des acteurs de la vie politique.<br \/>Et c\u2019est tant mieux, d\u2019autant plus que les choses semblent \u00e9voluer dans le bon sens.<br \/>On enregistre des contributions de la part des animateurs de formations politiques ou de personnalit\u00e9s sans attaches partisanes qui vont dans le sens souhait\u00e9, celui de r\u00e9unir, le plus t\u00f4t possible, les conditions favorables \u00e0 la tenue, dans un climat d\u2019entente et de s\u00e9r\u00e9nit\u00e9, d\u2019une \u00e9lection pr\u00e9sidentielle transparente, d\u00e9terminante \u00e0 bien des \u00e9gards, pour l\u2019avenir du pays.<br \/><strong>Cherif Jalil<\/strong><\/p>\n<p>Auteur: elmoudjahid<br \/>\n<a href=\"http:\/\/www.elmoudjahid.com\/fr\/actualites\/138040\">Cliquez ici pour lire l&rsquo;article depuis sa source.<\/a><\/p>\n","protected":false},"excerpt":{"rendered":"<p>Des syndicats et des associations ont d\u00e9clench\u00e9 une dynamique positive, celle de pr\u00e9parer une \u00abConf\u00e9rence nationale de la soci\u00e9t\u00e9 civile\u00bb, pr\u00e9vue le 15 juin. Le fait de s\u2019asseoir \u00e0 la m\u00eame table et de discuter de l\u2019avenir du pays constitue, au-del\u00e0 de ce qui va sortir d\u2019une telle rencontre, un pas encourageant sur la voie [&hellip;]<\/p>\n","protected":false},"author":1744,"featured_media":0,"comment_status":"closed","ping_status":"closed","sticky":false,"template":"","format":"standard","meta":{"fifu_image_url":"","fifu_image_alt":"","footnotes":""},"categories":[73,53],"tags":[],"class_list":["post-40407","post","type-post","status-publish","format-standard","hentry","category-actualite","category-algerie"],"_links":{"self":[{"href":"https:\/\/linitiative.ca\/International\/wp-json\/wp\/v2\/posts\/40407","targetHints":{"allow":["GET"]}}],"collection":[{"href":"https:\/\/linitiative.ca\/International\/wp-json\/wp\/v2\/posts"}],"about":[{"href":"https:\/\/linitiative.ca\/International\/wp-json\/wp\/v2\/types\/post"}],"author":[{"embeddable":true,"href":"https:\/\/linitiative.ca\/International\/wp-json\/wp\/v2\/users\/1744"}],"replies":[{"embeddable":true,"href":"https:\/\/linitiative.ca\/International\/wp-json\/wp\/v2\/comments?post=40407"}],"version-history":[{"count":0,"href":"https:\/\/linitiative.ca\/International\/wp-json\/wp\/v2\/posts\/40407\/revisions"}],"wp:attachment":[{"href":"https:\/\/linitiative.ca\/International\/wp-json\/wp\/v2\/media?parent=40407"}],"wp:term":[{"taxonomy":"category","embeddable":true,"href":"https:\/\/linitiative.ca\/International\/wp-json\/wp\/v2\/categories?post=40407"},{"taxonomy":"post_tag","embeddable":true,"href":"https:\/\/linitiative.ca\/International\/wp-json\/wp\/v2\/tags?post=40407"}],"curies":[{"name":"wp","href":"https:\/\/api.w.org\/{rel}","templated":true}]}}