{"id":40408,"date":"2019-06-12T19:00:00","date_gmt":"2019-06-12T23:00:00","guid":{"rendered":"https:\/\/linitiative.ca\/International\/conseil-du-gouvernement-rapprocher-ladministration-du-citoyen\/"},"modified":"2019-06-12T19:00:00","modified_gmt":"2019-06-12T23:00:00","slug":"conseil-du-gouvernement-rapprocher-ladministration-du-citoyen","status":"publish","type":"post","link":"https:\/\/linitiative.ca\/International\/conseil-du-gouvernement-rapprocher-ladministration-du-citoyen\/","title":{"rendered":"Conseil du gouvernement : rapprocher l&rsquo;administration du citoyen"},"content":{"rendered":"<p>Plusieurs d\u00e9cisions allant dans le sens de rapprocher l&rsquo;administration du citoyen ont \u00e9t\u00e9 prises par le Conseil du gouvernement, pr\u00e9sid\u00e9 hier \u00e0 Alger par le Premier ministre Noureddine Bedoui, indique un communiqu\u00e9 des services du Premier ministre. Il s&rsquo;agit de mesures \u00e0 m\u00eame d&rsquo;all\u00e9ger les formalit\u00e9s administratives et de d\u00e9centraliser l&rsquo;action de l&rsquo;administration publique, notamment au niveau des secteurs de l&rsquo;int\u00e9rieur et des collectivit\u00e9s locales, de l&rsquo;habitat et de l&rsquo;urbanisme, du tourisme et de l&rsquo;environnement, pr\u00e9cise le communiqu\u00e9. La r\u00e9union du Conseil du gouvernement a \u00e9galement port\u00e9 sur le transfert des pouvoirs relatifs aux contrats de construction et de livraison ainsi que l&rsquo;octroi de l\u2019agr\u00e9ment pour l&rsquo;exercice de la profession d\u2019agent immobilier et de courtier immobilier. Au cours de cette r\u00e9union, le ministre des Affaires \u00e9trang\u00e8res a pr\u00e9sent\u00e9 un expos\u00e9 sur le projet du rapport volontaire national relatif \u00e0 ce qui a \u00e9t\u00e9 accompli par l&rsquo;Alg\u00e9rie en vue de r\u00e9aliser les 17 Objectifs du d\u00e9veloppement durable (ODD). Par ailleurs, le gouvernement a approuv\u00e9 deux textes relatifs aux missions de la Conf\u00e9rence nationale des institutions publiques \u00e0 caract\u00e8re scientifique et technologique, leur organisation et fonctionnement ainsi que la cr\u00e9ation d&rsquo;un centre dans la commune d\u2019Al Bouni (Annaba), lequel sera int\u00e9gr\u00e9 dans la liste des centres nationaux accueillant les femmes en situation difficile et victimes de violence.<\/p>\n<p>Auteur: elmoudjahid<br \/>\n<a href=\"http:\/\/www.elmoudjahid.com\/fr\/actualites\/138041\">Cliquez ici pour lire l&rsquo;article depuis sa source.<\/a><\/p>\n","protected":false},"excerpt":{"rendered":"<p>Plusieurs d\u00e9cisions allant dans le sens de rapprocher l&rsquo;administration du citoyen ont \u00e9t\u00e9 prises par le Conseil du gouvernement, pr\u00e9sid\u00e9 hier \u00e0 Alger par le Premier ministre Noureddine Bedoui, indique un communiqu\u00e9 des services du Premier ministre. Il s&rsquo;agit de mesures \u00e0 m\u00eame d&rsquo;all\u00e9ger les formalit\u00e9s administratives et de d\u00e9centraliser l&rsquo;action de l&rsquo;administration publique, notamment [&hellip;]<\/p>\n","protected":false},"author":1744,"featured_media":0,"comment_status":"closed","ping_status":"closed","sticky":false,"template":"","format":"standard","meta":{"fifu_image_url":"","fifu_image_alt":"","footnotes":""},"categories":[73,53],"tags":[],"class_list":["post-40408","post","type-post","status-publish","format-standard","hentry","category-actualite","category-algerie"],"_links":{"self":[{"href":"https:\/\/linitiative.ca\/International\/wp-json\/wp\/v2\/posts\/40408","targetHints":{"allow":["GET"]}}],"collection":[{"href":"https:\/\/linitiative.ca\/International\/wp-json\/wp\/v2\/posts"}],"about":[{"href":"https:\/\/linitiative.ca\/International\/wp-json\/wp\/v2\/types\/post"}],"author":[{"embeddable":true,"href":"https:\/\/linitiative.ca\/International\/wp-json\/wp\/v2\/users\/1744"}],"replies":[{"embeddable":true,"href":"https:\/\/linitiative.ca\/International\/wp-json\/wp\/v2\/comments?post=40408"}],"version-history":[{"count":0,"href":"https:\/\/linitiative.ca\/International\/wp-json\/wp\/v2\/posts\/40408\/revisions"}],"wp:attachment":[{"href":"https:\/\/linitiative.ca\/International\/wp-json\/wp\/v2\/media?parent=40408"}],"wp:term":[{"taxonomy":"category","embeddable":true,"href":"https:\/\/linitiative.ca\/International\/wp-json\/wp\/v2\/categories?post=40408"},{"taxonomy":"post_tag","embeddable":true,"href":"https:\/\/linitiative.ca\/International\/wp-json\/wp\/v2\/tags?post=40408"}],"curies":[{"name":"wp","href":"https:\/\/api.w.org\/{rel}","templated":true}]}}