{"id":40419,"date":"2019-06-12T16:45:00","date_gmt":"2019-06-12T20:45:00","guid":{"rendered":"https:\/\/linitiative.ca\/International\/le-wali-doran-zappe-sa-visite\/"},"modified":"2019-06-12T16:45:00","modified_gmt":"2019-06-12T20:45:00","slug":"le-wali-doran-zappe-sa-visite","status":"publish","type":"post","link":"https:\/\/linitiative.ca\/International\/le-wali-doran-zappe-sa-visite\/","title":{"rendered":"Le wali d\u2019Oran zappe  sa visite !"},"content":{"rendered":"<p><br id=\"sep_para_1\" class=\"sep_para access\"\/><\/p>\n<div id=\"para_1\" class=\"para_31687471 resize\">\n<div class=\"photo shadow left\"><img decoding=\"async\" class=\"responsive c9\" src=\"https:\/\/www.reflexiondz.net\/photo\/art\/grande\/34725476-31687471.jpg?v=1560373295\" alt=\"Le wali d\u2019Oran zappe sa visite !\" title=\"Le wali d\u2019Oran zappe sa visite !\"\/><img decoding=\"async\" class=\"not-responsive\" src=\"https:\/\/www.reflexiondz.net\/photo\/art\/default\/34725476-31687471.jpg?v=1560373295\" alt=\"Le wali d\u2019Oran zappe sa visite !\" title=\"Le wali d\u2019Oran zappe sa visite !\"\/><\/div>\n<div class=\"texte access firstletter\">Moul firma, \u00e0 bord de sa Mazda, en route vers Ain El turck \u00e0 Oran, pour louer un appartement, ou autre pour passer quelques jours \u00e0 la mer loin des infos qui font froid au dos, avec ces proc\u00e8s judicaires des grandes t\u00eates qui tombent une par une, il se branche sur les ondes de la radio Bahia, pour \u00e9couter quelques chansons, pour passer le temps pendant son voyage. Moul firma, bien relax\u00e9 avec une chanson b\u00e9douine, quand soudain une &lsquo;info fait sa rentr\u00e9e : \u2018\u2019 Ouyahia en prison ! \u2018\u2019, Oh, zut ! Encore Ouyahia, ce \u2018\u2019Bnedem\u2019\u2019, est toujours l\u00e0 derri\u00e8re nous, dans les bus de Tahkout, \u00e0 la t\u00e9l\u00e9, \u00e0 la radio, et aujourd\u2019hui \u00e0 El Harrach ! Enfin, il est \u00e0 l\u2019ombre pour quelques ann\u00e9es,\u00a0 le temps d\u2019oublier sa figure\u2026 comme dit El hadith Ennabaoui \u2018\u2019 comme tu fais, il te sera fait\u2019\u2019 ! Ouyahia qui a emprisonn\u00e9 3000 cadres innocents et bris\u00e9 leurs carri\u00e8res, finit sa carri\u00e8re en prison. Peut-\u00eatre, un jour je lui rendrai visite pour lui offrir quelques boites de Yaourt, murmura Moul Firma. Arriv\u00e9 \u00e0 Ain El Turck, Moul firma, fut surpris par un mouvement inhabituel des services de l\u2019ordre \u00e0 l\u2019entr\u00e9e de la ville, un comit\u00e9 d\u2019accueil. \u00c7a sent une visite tr\u00e8s protocolaire, s\u2019interrogera Moul firma, avant de s\u2019informer aupr\u00e8s de l\u2019un des passants. En effet dira, ce dernier, tout ce beau monde attend la visite du wali d\u2019Oran, annonc\u00e9e, pour inspecter les sites touristiques, les plages et autres et s&rsquo;enqu\u00e9rir sur les pr\u00e9paratifs de la saison estivale, je crois que la wilaya a inject\u00e9 35 milliards dans les caisses d\u2019Ain El El Turck pour\u00a0 r\u00e9ussir la saison estivale, a conclu ce citoyen, qui a bien d\u00e9fendu sa localit\u00e9 , mieux que certains de nos maires \u00e0 Mosta. Moul firma, sid\u00e9r\u00e9, par cette armada de responsables locaux qui attendent la visite du\u00a0 wali depuis plusieurs heures, prend la mouche ! Mais ce n\u2019\u00e9tait pas le wali d\u2019Oran, ce jeune aux cheveux noirs que j\u2019ai crois\u00e9 avec ma Mazda, au croisement, qui a pris le chemin Oran -Alger comme l\u2019indique la plaque signal\u00e9tique, ou bien c\u2019\u00e9tait un autre, s\u2019interroge Moul Firma, avant de contacter son ami par t\u00e9l\u00e9phone pour v\u00e9rifier si le wali est \u00e0 Oran. Quelques instants plus tard, son ami lui confirme qu\u2019effectivement le wali \u00e9tait sur le point de rejoindre Ain El turck dans le cadre de sa visite, mais, il a \u00e9t\u00e9 convoqu\u00e9 d\u2019urgence \u00e0 Alger, et\u00a0 s\u2019est d\u00e9plac\u00e9 en compagnie de son chauffeur. Je crois qu\u2019il s\u2019agit de l\u2019affaire du scandale de la commune d\u2019El-Karma, et l\u2019histoire de cet ami de Haddad qui a b\u00e9n\u00e9fici\u00e9 d\u2019un terrain. Comme il est possible qu\u2019il s\u2019agit d\u2019une simple convocation dans le cadre de ses fonctions ! Le pauvre, j\u2019ai peur pour ce jeune wali, \u2018\u2019hala marahich ta3jab\u2019\u2019 tous ceux qui sont entr\u00e9s au tribunal de sidi M\u2019hamed ne sont jamais sortis.<\/div>\n<\/div>\n<p>Auteur: R\u00e9flexion<br \/>\n<a href=\"https:\/\/www.reflexiondz.net\/Le-wali-d-Oran-zappe-sa-visite-_a56168.html\">Cliquez ici pour lire l&rsquo;article depuis sa source.<\/a><\/p>\n","protected":false},"excerpt":{"rendered":"<p>Moul firma, \u00e0 bord de sa Mazda, en route vers Ain El turck \u00e0 Oran, pour louer un appartement, ou autre pour passer quelques jours \u00e0 la mer loin des infos qui font froid au dos, avec ces proc\u00e8s judicaires des grandes t\u00eates qui tombent une par une, il se branche sur les ondes de [&hellip;]<\/p>\n","protected":false},"author":1740,"featured_media":0,"comment_status":"closed","ping_status":"closed","sticky":false,"template":"","format":"standard","meta":{"fifu_image_url":"","fifu_image_alt":"","footnotes":""},"categories":[53,76],"tags":[],"class_list":["post-40419","post","type-post","status-publish","format-standard","hentry","category-algerie","category-regions"],"_links":{"self":[{"href":"https:\/\/linitiative.ca\/International\/wp-json\/wp\/v2\/posts\/40419","targetHints":{"allow":["GET"]}}],"collection":[{"href":"https:\/\/linitiative.ca\/International\/wp-json\/wp\/v2\/posts"}],"about":[{"href":"https:\/\/linitiative.ca\/International\/wp-json\/wp\/v2\/types\/post"}],"author":[{"embeddable":true,"href":"https:\/\/linitiative.ca\/International\/wp-json\/wp\/v2\/users\/1740"}],"replies":[{"embeddable":true,"href":"https:\/\/linitiative.ca\/International\/wp-json\/wp\/v2\/comments?post=40419"}],"version-history":[{"count":0,"href":"https:\/\/linitiative.ca\/International\/wp-json\/wp\/v2\/posts\/40419\/revisions"}],"wp:attachment":[{"href":"https:\/\/linitiative.ca\/International\/wp-json\/wp\/v2\/media?parent=40419"}],"wp:term":[{"taxonomy":"category","embeddable":true,"href":"https:\/\/linitiative.ca\/International\/wp-json\/wp\/v2\/categories?post=40419"},{"taxonomy":"post_tag","embeddable":true,"href":"https:\/\/linitiative.ca\/International\/wp-json\/wp\/v2\/tags?post=40419"}],"curies":[{"name":"wp","href":"https:\/\/api.w.org\/{rel}","templated":true}]}}