{"id":40428,"date":"2019-06-13T05:10:01","date_gmt":"2019-06-13T09:10:01","guid":{"rendered":"https:\/\/linitiative.ca\/International\/longtemps-eparpillee-et-desagregee-la-mouvance-democratique-doit-rassembler-ses-forces\/"},"modified":"2019-06-13T05:10:01","modified_gmt":"2019-06-13T09:10:01","slug":"longtemps-eparpillee-et-desagregee-la-mouvance-democratique-doit-rassembler-ses-forces","status":"publish","type":"post","link":"https:\/\/linitiative.ca\/International\/longtemps-eparpillee-et-desagregee-la-mouvance-democratique-doit-rassembler-ses-forces\/","title":{"rendered":"Longtemps \u00e9parpill\u00e9e et d\u00e9sagr\u00e9g\u00e9e : La mouvance d\u00e9mocratique doit rassembler ses forces"},"content":{"rendered":"<h4 class=\"title-14\"\/>\n<p>L\u2019impasse politique au sommet du pouvoir n\u2019emp\u00eache pas la dynamique \u00e0 la base. L\u2019insurrection citoyenne qui ne faiblit pas fait \u00e9voluer sensiblement les positions.<\/p>\n<p>Les lignes bougent. En parall\u00e8le avec l\u2019immense travail qu\u2019accomplit la soci\u00e9t\u00e9 civile en vue de mettre du contenu dans le mouvement populaire, la classe politique redouble d\u2019initiatives, fait tomber les murs de s\u00e9paration et retisse les liens rompus depuis longtemps.<\/p>\n<p>La rencontre in\u00e9dite, qui a eu lieu avant-hier entre le Rassemblement pour la culture et la d\u00e9mocratie (RCD) et le Front des forces socialistes (FFS), est \u00e0 ce titre embl\u00e9matique. Un d\u00e9gel psychologique non sans effet politique. Une bonne nouvelle pour les id\u00e9es progressistes. La \u00abr\u00e9conciliation\u00bb, suivie d\u2019\u00e9changes entre le deux partis de la mouvance d\u00e9mocratique sur les \u00e9v\u00e9nements en cours dans le pays, est loin d\u2019\u00eatre un fait marginal.<\/p>\n<p>Les deux formations politiques au m\u00eame socle doctrinal et soci\u00e9tal ont travers\u00e9 la p\u00e9riode des 30 derni\u00e8res ann\u00e9es en se livrant une interminable guerre des tranch\u00e9es. Les cons\u00e9quences ont \u00e9t\u00e9 f\u00e2cheuses pour le combat d\u00e9mocratique et les id\u00e9es progressistes. Des valeurs communes aux deux partis.<\/p>\n<p>Leurs bases militantes et sympathisantes s\u2019\u00e9puisaient dans des batailles d\u2019arri\u00e8re-gardes, laissant sur le carreau de brillants cadres militants. Il s\u2019en est suivi un appauvrissement politique et intellectuel des deux organisations, en raison des \u00abd\u00e9parts volontaires ou provoqu\u00e9s\u00bb de leurs figures de poids.<\/p>\n<p>Et m\u00eame dans les moments de tr\u00eave, les pourparlers n\u2019\u00e9taient pas possibles, m\u00eame si dans les coulisses leurs cadres exprimaient le d\u00e9sir de se retrouver. Mais le blocage psychologique n\u00e9 essentiellement des positions frontalement oppos\u00e9es durant la d\u00e9cennie ensanglant\u00e9e des ann\u00e9es 1990 a rendu irr\u00e9conciliables les deux chapelles. Les s\u00e9quelles de cette \u00abguerre civile\u00bb ont impact\u00e9 les nouvelles g\u00e9n\u00e9rations militantes, qui sont arriv\u00e9es aux commandes, alors que les clivages des ann\u00e9es de sang ne recouvrent aucunement les r\u00e9alit\u00e9s politiques d\u2019aujourd\u2019hui.<\/p>\n<p>Il fallait donc cet \u00e9lectrochoc provoqu\u00e9 par l\u2019insurrection citoyenne pour le changement d\u00e9mocratique pour voir les \u00abdeux fr\u00e8res ennemis\u00bb briser petit \u00e0 petit le \u00abMur de Berlin\u00bb qui les a s\u00e9par\u00e9s depuis des d\u00e9cennies. Les FFS, qui a eu de la peine \u00e0 s\u2019extraire d\u2019une guerre d\u2019usure, tente de sortir la t\u00eate de l\u2019eau et reprendre l\u2019initiative politique.<\/p>\n<p>Malgr\u00e9 ses d\u00e9chirements internes, il a r\u00e9ussi \u00e0 redevenir visible et audible sur la sc\u00e8ne en engageant des consultations politiques avec l\u2019ensemble des acteurs nationaux. Mais un \u00e9norme travail de reconstruction interne attend ce parti, qui a longtemps \u00e9tait la pierre angulaire du combat d\u00e9mocratique dans le pays. Il doit d\u2019abord renouer avec ses fondamentaux et entamer le travail de r\u00e9conciliation interne.<\/p>\n<p>Les consultations entre son premier secr\u00e9taire national, Hakim Blelahcel, et Djamel Zenati, figure embl\u00e9matique du combat progressiste et compagnon de route du chef historique feu Hocine A\u00eft Ahmed, ont suscit\u00e9 un espoir chez les militants et sympathisants. Elles doivent marquer le point de d\u00e9part pour rassembler la grande famille politique de gauche.<\/p>\n<p>L\u2019ancien leader du Mouvement culturel berb\u00e8re, qui a pris ses distances avec l\u2019appareil du FFS au d\u00e9but des ann\u00e9es 2000, a m\u00eame appel\u00e9 \u00e0 agir \u00abdans le sens du rassemblement des forces du progr\u00e8s\u00bb, accompagn\u00e9 de la mise en garde : \u00abNe rajoutons pas de la difficult\u00e9 \u00e0 la difficult\u00e9.\u00bb Djamel Zenati a sugg\u00e9r\u00e9 au FFS de prendre langue \u00absans complexe\u00bb avec les autres partis et personnalit\u00e9s nationales pour mieux peser dans les grands d\u00e9bats \u00e0 venir.<\/p>\n<p>De son c\u00f4t\u00e9, le RCD, qui a su transmettre sans trop de d\u00e9g\u00e2ts le flambeau \u00e0 sa deuxi\u00e8me g\u00e9n\u00e9ration, s\u2019est d\u00e8s le d\u00e9part du mouvement populaire install\u00e9 au c\u0153ur de la bataille, mais un peu \u00abesseul\u00e9\u00bb.<\/p>\n<p>Et c\u2019est en cela que la prise de contact entre les deux partis pourra muscler le courant d\u00e9mocratique, alors que des batailles id\u00e9ologiques se font de plus en plus apparentes. Elles vont permettre ainsi de se retrouver c\u00f4te \u00e0 c\u00f4te dans le grand combat commun qui s\u2019annonce rude. Enfin, la famille d\u00e9mocratique marchera sur ses deux pieds.<\/p>\n<p>Cependant, cette d\u00e9marche doit \u00eatre renforc\u00e9e, approfondie et entra\u00een\u00e9e. Le bloc d\u00e9mocratique doit \u00e9viter le pi\u00e8ge du sectarisme. Il est appel\u00e9 \u00e0 s\u2019ouvrir davantage, \u00e0 jeter des passerelles pour mieux agr\u00e9ger d\u2019autres forces politiques et sociales patriotiques pour porter haut et fort l\u2019espoir d\u00e9mocratique qui est au c\u0153ur du projet de l\u2019Alg\u00e9rie nouvelle en construction.<\/p>\n<p><span class=\"post-views-label\">Post Views:<\/span> <span class=\"post-views-count\">397<\/span><\/p>\n<p>Auteur: Hicham Chouadria<br \/>\n<a href=\"https:\/\/www.elwatan.com\/edition\/actualite\/longtemps-eparpillee-et-desagregee-la-mouvance-democratique-doit-rassembler-ses-forces-13-06-2019\">Cliquez ici pour lire l&rsquo;article depuis sa source.<\/a><\/p>\n","protected":false},"excerpt":{"rendered":"<p>L\u2019impasse politique au sommet du pouvoir n\u2019emp\u00eache pas la dynamique \u00e0 la base. L\u2019insurrection citoyenne qui ne faiblit pas fait \u00e9voluer sensiblement les positions. Les lignes bougent. En parall\u00e8le avec l\u2019immense travail qu\u2019accomplit la soci\u00e9t\u00e9 civile en vue de mettre du contenu dans le mouvement populaire, la classe politique redouble d\u2019initiatives, fait tomber les murs [&hellip;]<\/p>\n","protected":false},"author":1743,"featured_media":0,"comment_status":"closed","ping_status":"closed","sticky":false,"template":"","format":"standard","meta":{"fifu_image_url":"","fifu_image_alt":"","footnotes":""},"categories":[73,53],"tags":[],"class_list":["post-40428","post","type-post","status-publish","format-standard","hentry","category-actualite","category-algerie"],"_links":{"self":[{"href":"https:\/\/linitiative.ca\/International\/wp-json\/wp\/v2\/posts\/40428","targetHints":{"allow":["GET"]}}],"collection":[{"href":"https:\/\/linitiative.ca\/International\/wp-json\/wp\/v2\/posts"}],"about":[{"href":"https:\/\/linitiative.ca\/International\/wp-json\/wp\/v2\/types\/post"}],"author":[{"embeddable":true,"href":"https:\/\/linitiative.ca\/International\/wp-json\/wp\/v2\/users\/1743"}],"replies":[{"embeddable":true,"href":"https:\/\/linitiative.ca\/International\/wp-json\/wp\/v2\/comments?post=40428"}],"version-history":[{"count":0,"href":"https:\/\/linitiative.ca\/International\/wp-json\/wp\/v2\/posts\/40428\/revisions"}],"wp:attachment":[{"href":"https:\/\/linitiative.ca\/International\/wp-json\/wp\/v2\/media?parent=40428"}],"wp:term":[{"taxonomy":"category","embeddable":true,"href":"https:\/\/linitiative.ca\/International\/wp-json\/wp\/v2\/categories?post=40428"},{"taxonomy":"post_tag","embeddable":true,"href":"https:\/\/linitiative.ca\/International\/wp-json\/wp\/v2\/tags?post=40428"}],"curies":[{"name":"wp","href":"https:\/\/api.w.org\/{rel}","templated":true}]}}