{"id":40429,"date":"2019-06-13T05:15:16","date_gmt":"2019-06-13T09:15:16","guid":{"rendered":"https:\/\/linitiative.ca\/International\/boumerdes-le-chef-de-daira-contourne-la-loi-pour-calmer-le-hirak\/"},"modified":"2019-06-13T05:15:16","modified_gmt":"2019-06-13T09:15:16","slug":"boumerdes-le-chef-de-daira-contourne-la-loi-pour-calmer-le-hirak","status":"publish","type":"post","link":"https:\/\/linitiative.ca\/International\/boumerdes-le-chef-de-daira-contourne-la-loi-pour-calmer-le-hirak\/","title":{"rendered":"Boumerd\u00e8s : Le chef de da\u00efra contourne la loi pour calmer le Hirak"},"content":{"rendered":"<div>\n<div class=\"sriret\"><img decoding=\"async\" src=\"https:\/\/www.elwatan.com\/wp-content\/themes\/spectr\/img\/default-picture-709x366_c.jpg\"><\/div>\n<p>Les man\u0153uvres autocratiques en vogue durant l\u2019\u00e8re Bouteflika sont toujours de mise \u00e0 Boumerd\u00e8s. Au moment o\u00f9 d\u2019aucuns esp\u00e9raient voir le nouveau chef de da\u00efra (Mohamed Messahel) de cette circonscription agir pour all\u00e9ger les souffrances des citoyens face aux lourdeurs bureaucratiques, lui se compla\u00eet \u00e0 p\u00e9renniser les proc\u00e9d\u00e9s qui ont fait sortir des milliers d\u2019Alg\u00e9riens dans la rue depuis le 22 f\u00e9vrier dernier.<\/p>\n<p>Ce commis de l\u2019Etat pense d\u00e9tenir la recette magique pour calmer et d\u00e9tourner l\u2019attention des milliers de citoyens boumerdassis qui sortent en masse chaque vendredi dans la rue r\u00e9clamer une rupture radicale avec le syst\u00e8me et ses pratiques. \u00abJe vais leur demander de renouveler les dossiers de logement et ils vont vite oublier le hirak\u00bb, aurait-il lanc\u00e9 \u00e0 un des ses collaborateurs patent\u00e9s.<\/p>\n<p>Son z\u00e8le le pousse ainsi \u00e0 pondre une annonce dont le contenu constitue une entorse flagrante \u00e0 la loi. M.\u00a0Messahel, qui semble bien appuy\u00e9 en haut lieu, invite les mal-log\u00e9s de la commune \u00e0 renouveler leurs dossiers de demande de logement alors qu\u2019aucun programme d\u2019habitat n\u2019est pr\u00eat \u00e0 \u00eatre attribu\u00e9. Les projets des 300 et 740 appartements n\u2019ont pas d\u00e9pass\u00e9 le stade des gros \u0153uvres.<\/p>\n<p>Plus grave encore, les demandeurs ont \u00e9t\u00e9 invit\u00e9s \u00e0 d\u00e9poser leurs dossiers au niveau d\u2019une antenne administrative de l\u2019APC et non aupr\u00e8s de la commission de da\u00efra comme le pr\u00e9voit l\u2019article 7 du d\u00e9cret 08\/142 du 11 mai 2008. Depuis dimanche dernier, des milliers de chefs de famille (plus de 10 000 demandeurs de logement) prennent d\u2019assaut chaque matin les services de l\u2019\u00e9tat civil, de la Cnas et de la Casnos pour refaire ce qu\u2019ils avaient fait il y a une ann\u00e9e ou plus. Pendant ce temps, le si\u00e8ge de la da\u00efra reste d\u00e9sert \u00e0 longueur de journ\u00e9e en raison, notamment, du transfert en 2016 des services de biom\u00e9trie et de la carte grise vers l\u2019APC.<\/p>\n<p>Depuis, les citoyens y vont juste pour r\u00e9cup\u00e9rer leurs permis ou d\u00e9poser une d\u00e9claration de perte de la CNI ou du passeport. Malgr\u00e9 cela, les autorit\u00e9s locales ont d\u00e9gag\u00e9 r\u00e9cemment pr\u00e8s de 10 millions de dinars sur le PCD de la commune de Boumerd\u00e8s pour bien am\u00e9nager cette infrastructure et la doter de cam\u00e9ras de surveillance.<\/p>\n<p>Cela se passe au moment o\u00f9 plusieurs quartiers de la ville sont d\u00e9pourvus d\u2019\u00e9clairage public et de conduites d\u2019assainissement. Pis, le projet a \u00e9t\u00e9 octroy\u00e9 de gr\u00e9 \u00e0 gr\u00e9 sur insistance du nouveau chef de da\u00efra, comme s\u2019il s\u2019agissait d\u2019une urgence pressante.<\/p>\n<p>Outre les doutes qui p\u00e8sent sur les conditions d\u2019octroi du march\u00e9, certains citoyens assimilent le projet \u00e0 une op\u00e9ration de dilapidation de deniers publics passible de poursuites judiciaires.<\/p>\n<p>L\u2019article <a rel=\"nofollow\" href=\"https:\/\/www.elwatan.com\/edition\/actualite\/boumerdes-le-chef-de-daira-contourne-la-loi-pour-calmer-le-hirak-13-06-2019\">Boumerd\u00e8s : Le chef de da\u00efra contourne la loi pour calmer le Hirak<\/a> est apparu en premier sur <a rel=\"nofollow\" href=\"https:\/\/www.elwatan.com\/\">El Watan<\/a>.<\/p>\n<\/div>\n<p>Auteur: Hicham Chouadria<br \/>\n<a href=\"https:\/\/www.elwatan.com\/edition\/actualite\/boumerdes-le-chef-de-daira-contourne-la-loi-pour-calmer-le-hirak-13-06-2019\">Cliquez ici pour lire l&rsquo;article depuis sa source.<\/a><\/p>\n","protected":false},"excerpt":{"rendered":"<p>Les man\u0153uvres autocratiques en vogue durant l\u2019\u00e8re Bouteflika sont toujours de mise \u00e0 Boumerd\u00e8s. Au moment o\u00f9 d\u2019aucuns esp\u00e9raient voir le nouveau chef de da\u00efra (Mohamed Messahel) de cette circonscription agir pour all\u00e9ger les souffrances des citoyens face aux lourdeurs bureaucratiques, lui se compla\u00eet \u00e0 p\u00e9renniser les proc\u00e9d\u00e9s qui ont fait sortir des milliers d\u2019Alg\u00e9riens [&hellip;]<\/p>\n","protected":false},"author":1743,"featured_media":40430,"comment_status":"closed","ping_status":"closed","sticky":false,"template":"","format":"standard","meta":{"fifu_image_url":"","fifu_image_alt":"","footnotes":""},"categories":[73,53],"tags":[],"class_list":["post-40429","post","type-post","status-publish","format-standard","has-post-thumbnail","hentry","category-actualite","category-algerie"],"_links":{"self":[{"href":"https:\/\/linitiative.ca\/International\/wp-json\/wp\/v2\/posts\/40429","targetHints":{"allow":["GET"]}}],"collection":[{"href":"https:\/\/linitiative.ca\/International\/wp-json\/wp\/v2\/posts"}],"about":[{"href":"https:\/\/linitiative.ca\/International\/wp-json\/wp\/v2\/types\/post"}],"author":[{"embeddable":true,"href":"https:\/\/linitiative.ca\/International\/wp-json\/wp\/v2\/users\/1743"}],"replies":[{"embeddable":true,"href":"https:\/\/linitiative.ca\/International\/wp-json\/wp\/v2\/comments?post=40429"}],"version-history":[{"count":0,"href":"https:\/\/linitiative.ca\/International\/wp-json\/wp\/v2\/posts\/40429\/revisions"}],"wp:featuredmedia":[{"embeddable":true,"href":"https:\/\/linitiative.ca\/International\/wp-json\/"}],"wp:attachment":[{"href":"https:\/\/linitiative.ca\/International\/wp-json\/wp\/v2\/media?parent=40429"}],"wp:term":[{"taxonomy":"category","embeddable":true,"href":"https:\/\/linitiative.ca\/International\/wp-json\/wp\/v2\/categories?post=40429"},{"taxonomy":"post_tag","embeddable":true,"href":"https:\/\/linitiative.ca\/International\/wp-json\/wp\/v2\/tags?post=40429"}],"curies":[{"name":"wp","href":"https:\/\/api.w.org\/{rel}","templated":true}]}}