{"id":40443,"date":"2019-06-13T06:00:00","date_gmt":"2019-06-13T10:00:00","guid":{"rendered":"https:\/\/linitiative.ca\/International\/omar-fetmouche-et-meroua-mehraoui-honores\/"},"modified":"2019-06-13T06:00:00","modified_gmt":"2019-06-13T10:00:00","slug":"omar-fetmouche-et-meroua-mehraoui-honores","status":"publish","type":"post","link":"https:\/\/linitiative.ca\/International\/omar-fetmouche-et-meroua-mehraoui-honores\/","title":{"rendered":"Omar Fetmouche et Meroua Mehraoui honor\u00e9s"},"content":{"rendered":"<p>Enfin une c\u00e9r\u00e9monie officielle est organis\u00e9e en l\u2019honneur des artistes de la wilaya de Boumerd\u00e8s.\u00a0<br \/>\u00abLe printemps n\u2019en sera que plus beau.\u00bb Omar Fetmouche reprend Rachid Mimouni, fils du bled \u2013 le premier est de Bordj-Mena\u00efel, le second est natif de Boudouou, o\u00f9 il repose en paix \u2014 lorsqu\u2019il a \u00e9t\u00e9 invit\u00e9 \u00e0 intervenir.\u00a0<br \/>Intervenant apr\u00e8s le directeur de la culture et le wali, Omar Fetmouche poursuit \u00e0 l\u2019adresse aussi bien de ses camarades artistes que des officiels : \u00abNotre pays nous permet de vivre le plus beau printemps.\u00bb Il faisait allusion \u00e0 la r\u00e9volution du sourire. Selon lui, l\u2019artiste est le t\u00e9moin de son temps. \u00abIl cr\u00e9e de la joie. Alors donnons-lui plus de moyens pour qu\u2019il puisse cr\u00e9er plus de joie\u00bb, conclura-t-il.\u00a0<br \/>Justement Fetmouche a \u00e9t\u00e9 honor\u00e9 pour l\u2019ensemble de sa carri\u00e8re d\u00e9di\u00e9e au th\u00e9\u00e2tre dans toutes ses facettes tant au niveau r\u00e9gional, national ou \u00e0 l\u2019\u00e9tranger. Il a \u00e9t\u00e9 appel\u00e9 ainsi que la p\u00e9tillante Meroua Mehraoui, laquelle, du haut de ses 6 ans, fait des ravages dans les c\u0153urs des t\u00e9l\u00e9spectateurs alg\u00e9riens. Elle a particip\u00e9 \u00e0 sitcom et elle fait le bonheur des agences de publicit\u00e9. C\u2019est une graine de star \u00e0 son \u00e2ge.\u00a0<br \/>Hamidou, le chef de service de la culture, a fait un choix judicieux en appelant ces deux personnages pour \u00eatre honor\u00e9s, ensemble, par le wali Yahia Yahiat\u00e8ne. Ils sont repr\u00e9sentatifs. L\u2019un, Omar Fetmouche repr\u00e9sente ce qu\u2019a la wilaya de mieux dans le domaine de la culture, le second personnage, Meroua, repr\u00e9sente l\u2019avenir de cette culture.\u00a0<br \/>Par la suite, ce fut au tour du chanteur cha\u00e2bi dellyssois (arabe et kabyle) Mohamed Lamraoui d\u2019\u00eatre honor\u00e9 pour l\u2019ensemble de sa carri\u00e8re.\u00a0 Treize autres artistes ont \u00e9t\u00e9 honor\u00e9s. Ils sont ainsi f\u00e9licit\u00e9s pour avoir d\u00e9croch\u00e9 un prix, entre 2018 et 2019, chacun dans son domaine (cin\u00e9ma, t\u00e9l\u00e9vision, th\u00e9\u00e2tre, po\u00e9sie, litt\u00e9rature\u2026).\u00a0<br \/>En tout cas, en organisant cet hommage, \u00e0 l\u2019occasion de la journ\u00e9e nationale de l\u2019Artiste, lors d\u2019une c\u00e9r\u00e9monie conviviale, le nouveau wali, Yahia Yahyat\u00e8ne, a marqu\u00e9 des points aupr\u00e8s des hommes de culture.\u00a0<br \/>Les r\u00e9cipiendaires de l\u2019hommage \u00e9taient, en effet, heureux parce que l\u2019autorit\u00e9 s\u2019est rappel\u00e9e d\u2019eux et les encourage.\u00a0<br \/>Abachi L.<\/p>\n<p>Auteur:<br \/>\n<a href=\"https:\/\/www.lesoirdalgerie.com\/culture\/omar-fetmouche-et-meroua-mehraoui-honores-25353\">Cliquez ici pour lire l&rsquo;article depuis sa source.<\/a><\/p>\n","protected":false},"excerpt":{"rendered":"<p>Enfin une c\u00e9r\u00e9monie officielle est organis\u00e9e en l\u2019honneur des artistes de la wilaya de Boumerd\u00e8s.\u00a0\u00abLe printemps n\u2019en sera que plus beau.\u00bb Omar Fetmouche reprend Rachid Mimouni, fils du bled \u2013 le premier est de Bordj-Mena\u00efel, le second est natif de Boudouou, o\u00f9 il repose en paix \u2014 lorsqu\u2019il a \u00e9t\u00e9 invit\u00e9 \u00e0 intervenir.\u00a0Intervenant apr\u00e8s le [&hellip;]<\/p>\n","protected":false},"author":1741,"featured_media":0,"comment_status":"closed","ping_status":"closed","sticky":false,"template":"","format":"standard","meta":{"fifu_image_url":"","fifu_image_alt":"","footnotes":""},"categories":[73,53],"tags":[],"class_list":["post-40443","post","type-post","status-publish","format-standard","hentry","category-actualite","category-algerie"],"_links":{"self":[{"href":"https:\/\/linitiative.ca\/International\/wp-json\/wp\/v2\/posts\/40443","targetHints":{"allow":["GET"]}}],"collection":[{"href":"https:\/\/linitiative.ca\/International\/wp-json\/wp\/v2\/posts"}],"about":[{"href":"https:\/\/linitiative.ca\/International\/wp-json\/wp\/v2\/types\/post"}],"author":[{"embeddable":true,"href":"https:\/\/linitiative.ca\/International\/wp-json\/wp\/v2\/users\/1741"}],"replies":[{"embeddable":true,"href":"https:\/\/linitiative.ca\/International\/wp-json\/wp\/v2\/comments?post=40443"}],"version-history":[{"count":0,"href":"https:\/\/linitiative.ca\/International\/wp-json\/wp\/v2\/posts\/40443\/revisions"}],"wp:attachment":[{"href":"https:\/\/linitiative.ca\/International\/wp-json\/wp\/v2\/media?parent=40443"}],"wp:term":[{"taxonomy":"category","embeddable":true,"href":"https:\/\/linitiative.ca\/International\/wp-json\/wp\/v2\/categories?post=40443"},{"taxonomy":"post_tag","embeddable":true,"href":"https:\/\/linitiative.ca\/International\/wp-json\/wp\/v2\/tags?post=40443"}],"curies":[{"name":"wp","href":"https:\/\/api.w.org\/{rel}","templated":true}]}}