{"id":40446,"date":"2019-06-13T06:00:00","date_gmt":"2019-06-13T10:00:00","guid":{"rendered":"https:\/\/linitiative.ca\/International\/mauvais-eleve\/"},"modified":"2019-06-13T06:00:00","modified_gmt":"2019-06-13T10:00:00","slug":"mauvais-eleve","status":"publish","type":"post","link":"https:\/\/linitiative.ca\/International\/mauvais-eleve\/","title":{"rendered":"Mauvais \u00e9l\u00e8ve"},"content":{"rendered":"<div class=\"top-populaires\" readability=\"7\">\n<h5 class=\"title-populaires\">Les + <span>populaires<\/span><\/h5>\n<p class=\"asterisque\">(*) P\u00e9riode 30 derniers jours<\/p>\n<\/div>\n<div class=\"first-article article-paragraph\" readability=\"13.7762711864\"><a href=\"\/periscoop\/le-travail-en-coulisses-de-ammar-saadani-25074\"\/><\/p>\n<div class=\"image\"><img class=\"lazy\" data-original=\"\/data\/images\/article\/thumbs\/ls-le-travail-en-coulisses-de-ammar-saadani-f56a9.jpg\"\/><\/p>\n<p><span>1<\/span><\/p>\n<\/div>\n<p class=\"type-date\"><span>P\u00e9riscoop<\/span> 11:00 | 09-06-2019<\/p>\n<h5 class=\"first-title\"><a href=\"\/periscoop\/le-travail-en-coulisses-de-ammar-saadani-25074\"\/><\/h5>\n<h5 class=\"title\"><a href=\"\/periscoop\/le-travail-en-coulisses-de-ammar-saadani-25074\">Le travail en coulisses de Ammar Sa\u00e2dani<\/a><\/h5>\n<p><a href=\"\/periscoop\/le-travail-en-coulisses-de-ammar-saadani-25074\"\/><\/p>\n<p class=\"text\">Une bataille f\u00e9roce est en train d\u2019\u00eatre men\u00e9e, en coulisses, entre les diff\u00e9rents courants qui traversent l\u2019ex-parti unique, autour de la composante du prochain bureau politique. Selon des sources s\u00fbres, c\u2019est,<\/p>\n<\/div>\n<div class=\"second-article article-paragraph\" readability=\"10.9361702128\"><a href=\"\/hommage\/lhommage-de-said-sadi-25105\"\/><\/p>\n<div class=\"image\"><img class=\"lazy\" data-original=\"\/data\/images\/article\/thumbs\/ls-lhommage-de-said-sadi-*-c9672.jpg\"\/><\/p>\n<p><span>2<\/span><\/p>\n<\/div>\n<p class=\"type-date\"><span>Hommage<\/span> 11:00 | 09-06-2019<\/p>\n<h5 class=\"first-title\"><a href=\"\/hommage\/lhommage-de-said-sadi-25105\"\/><\/h5>\n<h5 class=\"title\"><a href=\"\/hommage\/lhommage-de-said-sadi-25105\">L\u2019hommage de Sa\u00efd Sadi<\/a><\/h5>\n<p><a href=\"\/hommage\/lhommage-de-said-sadi-25105\"\/><\/p>\n<p class=\"text\">Je viens d\u2019apprendre la mort de Fouad Boughanem, directeur du quotidien le Soir d\u2019Alg\u00e9rie qu\u2019il avait fond\u00e9 avec ses camarades. Le journal avait \u00e9t\u00e9 lanc\u00e9 dans la foul\u00e9e de l\u2019ouverture qui a suivi les \u00e9v\u00e8nements<\/p>\n<\/div>\n<div class=\"others-articles\">\n<div class=\"article\" readability=\"7\"><a href=\"\/actualites\/lenigme-laid-benamor-25173\"\/><\/p>\n<div class=\"image\"><img class=\"lazy\" data-original=\"\/data\/images\/article\/thumbs\/25173lenigme-laid-benamor-2ca05.jpg\"\/><\/p>\n<p><span>3<\/span><\/p>\n<\/div>\n<div class=\"description\" readability=\"9\">\n<p class=\"type-date\"><span>Actualit\u00e9s<\/span> 11:00 | 10-06-2019<\/p>\n<p><a href=\"\/actualites\/lenigme-laid-benamor-25173\"\/><\/p>\n<p class=\"first-title\">Silence radio \u00e0 la CACI<\/p>\n<p><a href=\"\/actualites\/lenigme-laid-benamor-25173\"\/><\/p>\n<p class=\"title\">L\u2019\u00e9nigme La\u00efd Benamor<\/p>\n<\/div>\n<\/div>\n<div class=\"article\" readability=\"8\"><a href=\"\/actualites\/enquete-sur-un-projet-des-kouninef-a-jijel-25384\"\/><\/p>\n<div class=\"image\"><img class=\"lazy\" data-original=\"\/data\/images\/article\/thumbs\/enquete-sur-un-projet-des-kouninef-a-jijel-637c1.jpg\"\/><\/p>\n<p><span>4<\/span><\/p>\n<\/div>\n<div class=\"description\" readability=\"11\">\n<p class=\"type-date\"><span>Actualit\u00e9s<\/span> 11:00 | 13-06-2019<\/p>\n<p><a href=\"\/actualites\/enquete-sur-un-projet-des-kouninef-a-jijel-25384\"\/><\/p>\n<p class=\"first-title\">IL A B\u00c9N\u00c9FICI\u00c9 DE 250 MILLIONS DE DOLLARS DE CR\u00c9DIT DE LA PART D\u2019UNE BANQUE PUBLIQUE<\/p>\n<p><a href=\"\/actualites\/enquete-sur-un-projet-des-kouninef-a-jijel-25384\"\/><\/p>\n<p class=\"title\">Enqu\u00eate sur un projet des Kouninef \u00e0 Jijel<\/p>\n<\/div>\n<\/div>\n<div class=\"article\" readability=\"9\"><a href=\"\/actualites\/journee-particuliere-au-tribunal-dalger-25172\"\/><\/p>\n<div class=\"image\"><img class=\"lazy\" data-original=\"\/data\/images\/article\/thumbs\/journee-particuliere-au-tribunal-dalger-4c921.jpg\"\/><\/p>\n<p><span>5<\/span><\/p>\n<\/div>\n<div class=\"description\" readability=\"13\">\n<p class=\"type-date\"><span>Actualit\u00e9s<\/span> 11:00 | 10-06-2019<\/p>\n<p><a href=\"\/actualites\/journee-particuliere-au-tribunal-dalger-25172\"\/><\/p>\n<p class=\"first-title\">Ouyahia, Sellal, plusieurs ministres et de hauts responsables devant le juge<\/p>\n<p><a href=\"\/actualites\/journee-particuliere-au-tribunal-dalger-25172\"\/><\/p>\n<p class=\"title\">Journ\u00e9e particuli\u00e8re au tribunal d\u2019Alger<\/p>\n<\/div>\n<\/div>\n<\/div>\n<p>Auteur:<br \/>\n<a href=\"https:\/\/www.lesoirdalgerie.com\/periscoop\/mauvais-eleve-25350\">Cliquez ici pour lire l&rsquo;article depuis sa source.<\/a><\/p>\n","protected":false},"excerpt":{"rendered":"<p>Les + populaires (*) P\u00e9riode 30 derniers jours 1 P\u00e9riscoop 11:00 | 09-06-2019 Le travail en coulisses de Ammar Sa\u00e2dani Une bataille f\u00e9roce est en train d\u2019\u00eatre men\u00e9e, en coulisses, entre les diff\u00e9rents courants qui traversent l\u2019ex-parti unique, autour de la composante du prochain bureau politique. Selon des sources s\u00fbres, c\u2019est, 2 Hommage 11:00 | [&hellip;]<\/p>\n","protected":false},"author":1741,"featured_media":0,"comment_status":"closed","ping_status":"closed","sticky":false,"template":"","format":"standard","meta":{"fifu_image_url":"","fifu_image_alt":"","footnotes":""},"categories":[73,53],"tags":[],"class_list":["post-40446","post","type-post","status-publish","format-standard","hentry","category-actualite","category-algerie"],"_links":{"self":[{"href":"https:\/\/linitiative.ca\/International\/wp-json\/wp\/v2\/posts\/40446","targetHints":{"allow":["GET"]}}],"collection":[{"href":"https:\/\/linitiative.ca\/International\/wp-json\/wp\/v2\/posts"}],"about":[{"href":"https:\/\/linitiative.ca\/International\/wp-json\/wp\/v2\/types\/post"}],"author":[{"embeddable":true,"href":"https:\/\/linitiative.ca\/International\/wp-json\/wp\/v2\/users\/1741"}],"replies":[{"embeddable":true,"href":"https:\/\/linitiative.ca\/International\/wp-json\/wp\/v2\/comments?post=40446"}],"version-history":[{"count":0,"href":"https:\/\/linitiative.ca\/International\/wp-json\/wp\/v2\/posts\/40446\/revisions"}],"wp:attachment":[{"href":"https:\/\/linitiative.ca\/International\/wp-json\/wp\/v2\/media?parent=40446"}],"wp:term":[{"taxonomy":"category","embeddable":true,"href":"https:\/\/linitiative.ca\/International\/wp-json\/wp\/v2\/categories?post=40446"},{"taxonomy":"post_tag","embeddable":true,"href":"https:\/\/linitiative.ca\/International\/wp-json\/wp\/v2\/tags?post=40446"}],"curies":[{"name":"wp","href":"https:\/\/api.w.org\/{rel}","templated":true}]}}