{"id":40449,"date":"2019-06-13T06:00:00","date_gmt":"2019-06-13T10:00:00","guid":{"rendered":"https:\/\/linitiative.ca\/International\/le-sc-ain-defla-accede-en-dna-apres-le-forfait-de-lirb-boumedfaa\/"},"modified":"2019-06-13T06:00:00","modified_gmt":"2019-06-13T10:00:00","slug":"le-sc-ain-defla-accede-en-dna-apres-le-forfait-de-lirb-boumedfaa","status":"publish","type":"post","link":"https:\/\/linitiative.ca\/International\/le-sc-ain-defla-accede-en-dna-apres-le-forfait-de-lirb-boumedfaa\/","title":{"rendered":"Le SC A\u00efn-Defla acc\u00e8de en DNA apr\u00e8s le forfait de l&rsquo;IRB Boumedfa\u00e2"},"content":{"rendered":"<p>Le SC A\u00efn-Defla a valid\u00e9 son billet d&rsquo;accession en division nationale amateur de football, apr\u00e8s sa victoire par forfait devant l&rsquo;IRB Boumedfa\u00e2 mardi au stade Mohamed-Boumezrag de Chlef pour le compte de la 30e et derni\u00e8re journ\u00e9e du championnat Interr\u00e9gions de football, groupe Centre-Ouest. Conform\u00e9ment au r\u00e8glement, l&rsquo;arbitre du match Farouk Mial a siffl\u00e9 le forfait apr\u00e8s 15 minutes d&rsquo;attente. A la faveur de cette victoire par forfait, le SC A\u00efn Defla a pris la premi\u00e8re place du classement avec 71 points, devant le CR Zaouia (70 pts). Ce match comptant pour la 30e et derni\u00e8re journ\u00e9e du championnat Interr\u00e9gions de football, groupe Centre-Ouest, avait \u00e9t\u00e9 arr\u00eat\u00e9 par l&rsquo;arbitre pour des raisons s\u00e9curitaires alors que le score \u00e9tait de parit\u00e9 (1-1). La commission de discipline de la LIRF avait, dans un premier temps, donn\u00e9 match gagn\u00e9 \u00e0 l&rsquo;IRBB, mais la commission de recours de la F\u00e9d\u00e9ration alg\u00e9rienne de football (FAF) a infirm\u00e9 cette d\u00e9cision. C&rsquo;est ainsi qu&rsquo;il a \u00e9t\u00e9 d\u00e9cid\u00e9 de programmer de nouveau le match, avec pour enjeu la d\u00e9signation du champion du groupe Centre-Ouest et donc du promu en Amateur. Il est \u00e0 rappeler que les dirigeants et supporters du SCAD, 2e au classement derri\u00e8re le CR Zaouia, avaient appel\u00e9 le 23 mai dernier \u00e0 l&rsquo;\u00abapplication stricte\u00bb des r\u00e8glements et \u00e0 l&rsquo;\u00abofficialisation\u00bb de l&rsquo;accession de leur club en Championnat amateur, refusant de faire rejouer le match.\u00a0<\/p>\n<p>Auteur:<br \/>\n<a href=\"https:\/\/www.lesoirdalgerie.com\/sports\/le-sc-ain-defla-accede-en-dna-apres-le-forfait-de-lirb-boumedfaa-25347\">Cliquez ici pour lire l&rsquo;article depuis sa source.<\/a><\/p>\n","protected":false},"excerpt":{"rendered":"<p>Le SC A\u00efn-Defla a valid\u00e9 son billet d&rsquo;accession en division nationale amateur de football, apr\u00e8s sa victoire par forfait devant l&rsquo;IRB Boumedfa\u00e2 mardi au stade Mohamed-Boumezrag de Chlef pour le compte de la 30e et derni\u00e8re journ\u00e9e du championnat Interr\u00e9gions de football, groupe Centre-Ouest. Conform\u00e9ment au r\u00e8glement, l&rsquo;arbitre du match Farouk Mial a siffl\u00e9 le [&hellip;]<\/p>\n","protected":false},"author":1741,"featured_media":0,"comment_status":"closed","ping_status":"closed","sticky":false,"template":"","format":"standard","meta":{"fifu_image_url":"","fifu_image_alt":"","footnotes":""},"categories":[73,53],"tags":[],"class_list":["post-40449","post","type-post","status-publish","format-standard","hentry","category-actualite","category-algerie"],"_links":{"self":[{"href":"https:\/\/linitiative.ca\/International\/wp-json\/wp\/v2\/posts\/40449","targetHints":{"allow":["GET"]}}],"collection":[{"href":"https:\/\/linitiative.ca\/International\/wp-json\/wp\/v2\/posts"}],"about":[{"href":"https:\/\/linitiative.ca\/International\/wp-json\/wp\/v2\/types\/post"}],"author":[{"embeddable":true,"href":"https:\/\/linitiative.ca\/International\/wp-json\/wp\/v2\/users\/1741"}],"replies":[{"embeddable":true,"href":"https:\/\/linitiative.ca\/International\/wp-json\/wp\/v2\/comments?post=40449"}],"version-history":[{"count":0,"href":"https:\/\/linitiative.ca\/International\/wp-json\/wp\/v2\/posts\/40449\/revisions"}],"wp:attachment":[{"href":"https:\/\/linitiative.ca\/International\/wp-json\/wp\/v2\/media?parent=40449"}],"wp:term":[{"taxonomy":"category","embeddable":true,"href":"https:\/\/linitiative.ca\/International\/wp-json\/wp\/v2\/categories?post=40449"},{"taxonomy":"post_tag","embeddable":true,"href":"https:\/\/linitiative.ca\/International\/wp-json\/wp\/v2\/tags?post=40449"}],"curies":[{"name":"wp","href":"https:\/\/api.w.org\/{rel}","templated":true}]}}