{"id":40450,"date":"2019-06-13T06:00:00","date_gmt":"2019-06-13T10:00:00","guid":{"rendered":"https:\/\/linitiative.ca\/International\/le-nouveau-president-annonce-deja-son-retrait\/"},"modified":"2019-06-13T06:00:00","modified_gmt":"2019-06-13T10:00:00","slug":"le-nouveau-president-annonce-deja-son-retrait","status":"publish","type":"post","link":"https:\/\/linitiative.ca\/International\/le-nouveau-president-annonce-deja-son-retrait\/","title":{"rendered":"Le nouveau pr\u00e9sident annonce d\u00e9j\u00e0 son retrait"},"content":{"rendered":"<p>Nacereddine Karaouzene s\u2019est retir\u00e9 de la pr\u00e9sidence de la Soci\u00e9t\u00e9 sportive par actions (SSPA) du MC Oran, 48 heures apr\u00e8s sa d\u00e9signation \u00e0 ce poste, a-t-on appris hier de l\u2019int\u00e9ress\u00e9. Mal accueilli par les supporters du club de Ligue 1 de football qui r\u00e9clament le d\u00e9part de tous les actionnaires de la SSPA et la cession des actions de cette derni\u00e8re \u00e0 la soci\u00e9t\u00e9 Hyproc Shipping Company, Karaouzene a d\u00e9clar\u00e9 s\u2019\u00eatre retrouv\u00e9 \u00ababandonn\u00e9\u00bb par ses coll\u00e8gues du Conseil d\u2019administration. Il a ajout\u00e9 avoir rencontr\u00e9 toutes les peines du monde pour entamer sa mission, vu l\u2019op\u00e9ration de passation de consignes avec son pr\u00e9d\u00e9cesseur, Ahmed Belhadj, qui devait avoir lieu mardi, mais qui ne s\u2019est finalement pas faite.\u00a0<\/p>\n<p>Auteur:<br \/>\n<a href=\"https:\/\/www.lesoirdalgerie.com\/sports\/le-nouveau-president-annonce-deja-son-retrait-25346\">Cliquez ici pour lire l&rsquo;article depuis sa source.<\/a><\/p>\n","protected":false},"excerpt":{"rendered":"<p>Nacereddine Karaouzene s\u2019est retir\u00e9 de la pr\u00e9sidence de la Soci\u00e9t\u00e9 sportive par actions (SSPA) du MC Oran, 48 heures apr\u00e8s sa d\u00e9signation \u00e0 ce poste, a-t-on appris hier de l\u2019int\u00e9ress\u00e9. Mal accueilli par les supporters du club de Ligue 1 de football qui r\u00e9clament le d\u00e9part de tous les actionnaires de la SSPA et la [&hellip;]<\/p>\n","protected":false},"author":1741,"featured_media":0,"comment_status":"closed","ping_status":"closed","sticky":false,"template":"","format":"standard","meta":{"fifu_image_url":"","fifu_image_alt":"","footnotes":""},"categories":[73,53],"tags":[],"class_list":["post-40450","post","type-post","status-publish","format-standard","hentry","category-actualite","category-algerie"],"_links":{"self":[{"href":"https:\/\/linitiative.ca\/International\/wp-json\/wp\/v2\/posts\/40450","targetHints":{"allow":["GET"]}}],"collection":[{"href":"https:\/\/linitiative.ca\/International\/wp-json\/wp\/v2\/posts"}],"about":[{"href":"https:\/\/linitiative.ca\/International\/wp-json\/wp\/v2\/types\/post"}],"author":[{"embeddable":true,"href":"https:\/\/linitiative.ca\/International\/wp-json\/wp\/v2\/users\/1741"}],"replies":[{"embeddable":true,"href":"https:\/\/linitiative.ca\/International\/wp-json\/wp\/v2\/comments?post=40450"}],"version-history":[{"count":0,"href":"https:\/\/linitiative.ca\/International\/wp-json\/wp\/v2\/posts\/40450\/revisions"}],"wp:attachment":[{"href":"https:\/\/linitiative.ca\/International\/wp-json\/wp\/v2\/media?parent=40450"}],"wp:term":[{"taxonomy":"category","embeddable":true,"href":"https:\/\/linitiative.ca\/International\/wp-json\/wp\/v2\/categories?post=40450"},{"taxonomy":"post_tag","embeddable":true,"href":"https:\/\/linitiative.ca\/International\/wp-json\/wp\/v2\/tags?post=40450"}],"curies":[{"name":"wp","href":"https:\/\/api.w.org\/{rel}","templated":true}]}}