{"id":40455,"date":"2019-06-13T05:34:56","date_gmt":"2019-06-13T09:34:56","guid":{"rendered":"https:\/\/linitiative.ca\/International\/doukkali-approuve-la-hausse-du-prix-de-14-medicaments\/"},"modified":"2019-06-13T05:34:56","modified_gmt":"2019-06-13T09:34:56","slug":"doukkali-approuve-la-hausse-du-prix-de-14-medicaments","status":"publish","type":"post","link":"https:\/\/linitiative.ca\/International\/doukkali-approuve-la-hausse-du-prix-de-14-medicaments\/","title":{"rendered":"Doukkali approuve la hausse du prix de 14 m\u00e9dicaments"},"content":{"rendered":"<p>Le minist\u00e8re de la Sant\u00e9 a c\u00e9d\u00e9 \u00e0 la pression du lobby de l\u2019industrie pharmaceutique au Maroc. Il a acquiesc\u00e9 aux demandes de relever les prix de 14 m\u00e9dicaments, rapporte le quotidien Al Massae dans sa livraison de ce jeudi 13 juin.<\/p>\n<div class=\"c10\"\/>\n<p>Un arr\u00eat\u00e9 du ministre de la Sant\u00e9 Anas Doukkali a pr\u00e9vu des augmentations allant de 10 \u00e0 150 DH. Ces hausses ont concern\u00e9 des m\u00e9dicaments dont le stock a \u00e9t\u00e9 \u00e9puis\u00e9 et n\u2019ont pas de g\u00e9n\u00e9riques.<\/p>\n<p>Cette augmentation montre sans ambages que le minist\u00e8re de tutelle s\u2019est pli\u00e9 \u00e0 la demande des producteurs de m\u00e9dicaments, qui ont menac\u00e9 de cesser d\u2019approvisionner le march\u00e9 national de plusieurs m\u00e9dicaments au cas o\u00f9 la marge des b\u00e9n\u00e9ficies restait maigre.<\/p>\n<p>Cette hausse de prix intervient trois mois apr\u00e8s l\u2019annonce par le minist\u00e8re de la Sant\u00e9 d\u2019une importante baisse des prix de m\u00e9dicaments. Une liste des prix de 60 m\u00e9dicaments\u00a0(11 princeps et 49 g\u00e9n\u00e9riques) a \u00e9t\u00e9 publi\u00e9e dans le bulletin officiel.<\/p>\n<div class=\"c17\">\n<fieldset class=\"c16\">\n<legend><strong><span class=\"c11\">Challenge<\/span><span class=\"c12\">news<\/span><\/strong><\/legend>\n<div class=\"c15\">Le meilleur de la r\u00e9daction s\u00e9lectionn\u00e9 par Challenge :<\/p>\n<\/div>\n<\/fieldset>\n<\/div>\n<p>Auteur: Hassan Manyani<br \/>\n<a href=\"https:\/\/www.challenge.ma\/doukkali-approuve-la-hausse-de-14-medicaments-110587\/\">Cliquez ici pour lire l&rsquo;article depuis sa source.<\/a><\/p>\n","protected":false},"excerpt":{"rendered":"<p>Le minist\u00e8re de la Sant\u00e9 a c\u00e9d\u00e9 \u00e0 la pression du lobby de l\u2019industrie pharmaceutique au Maroc. Il a acquiesc\u00e9 aux demandes de relever les prix de 14 m\u00e9dicaments, rapporte le quotidien Al Massae dans sa livraison de ce jeudi 13 juin. Un arr\u00eat\u00e9 du ministre de la Sant\u00e9 Anas Doukkali a pr\u00e9vu des augmentations [&hellip;]<\/p>\n","protected":false},"author":1787,"featured_media":0,"comment_status":"closed","ping_status":"closed","sticky":false,"template":"","format":"standard","meta":{"fifu_image_url":"","fifu_image_alt":"","footnotes":""},"categories":[78,54],"tags":[],"class_list":["post-40455","post","type-post","status-publish","format-standard","hentry","category-economie","category-maroc"],"_links":{"self":[{"href":"https:\/\/linitiative.ca\/International\/wp-json\/wp\/v2\/posts\/40455","targetHints":{"allow":["GET"]}}],"collection":[{"href":"https:\/\/linitiative.ca\/International\/wp-json\/wp\/v2\/posts"}],"about":[{"href":"https:\/\/linitiative.ca\/International\/wp-json\/wp\/v2\/types\/post"}],"author":[{"embeddable":true,"href":"https:\/\/linitiative.ca\/International\/wp-json\/wp\/v2\/users\/1787"}],"replies":[{"embeddable":true,"href":"https:\/\/linitiative.ca\/International\/wp-json\/wp\/v2\/comments?post=40455"}],"version-history":[{"count":0,"href":"https:\/\/linitiative.ca\/International\/wp-json\/wp\/v2\/posts\/40455\/revisions"}],"wp:attachment":[{"href":"https:\/\/linitiative.ca\/International\/wp-json\/wp\/v2\/media?parent=40455"}],"wp:term":[{"taxonomy":"category","embeddable":true,"href":"https:\/\/linitiative.ca\/International\/wp-json\/wp\/v2\/categories?post=40455"},{"taxonomy":"post_tag","embeddable":true,"href":"https:\/\/linitiative.ca\/International\/wp-json\/wp\/v2\/tags?post=40455"}],"curies":[{"name":"wp","href":"https:\/\/api.w.org\/{rel}","templated":true}]}}